{"id":680045,"date":"2026-03-04T19:36:03","date_gmt":"2026-03-04T19:36:03","guid":{"rendered":"https:\/\/microscopemedia.com\/?p=680045"},"modified":"2026-03-04T19:36:03","modified_gmt":"2026-03-04T19:36:03","slug":"atitudini-noua-emisiune-gandul-incepe-vineri-ora-1600-invitat-alexandru-rogobete-ministrul-sanatatii","status":"publish","type":"post","link":"https:\/\/microscopemedia.com\/?p=680045","title":{"rendered":"ATITUDINI, noua emisiune G\u00e2ndul, \u00eencepe vineri, ora 16:00. Invitat: Alexandru Rogobete, ministrul S\u0103n\u0103t\u0103\u021bii"},"content":{"rendered":"<div><img decoding=\"async\" src=\"https:\/\/microscopemedia.com\/wp-content\/uploads\/2026\/03\/atitudini-noua-emisiune-gandul-incepe-vineri-ora-1600-invitat-alexandru-rogobete-ministrul-sanatatii.jpg\" class=\"ff-og-image-inserted\"><\/div>\n<p id=\"p-0\">ATITUDINI \u2013 Noua emisiune marca G\u00e2ndul va fi un spa\u021biu deschis tuturor provoc\u0103rilor pe subiecte de mare impact \u00een care moderatorul Adina Anghelescu \u0219i invita\u021bii s\u0103i vor diseca problemele majore cu care se confrunt\u0103 societatea \u0219i \u00een care ATITUDINEA va conta. O emisiune provocatoare \u00een care vor fi analizate, cu argumente \u0219i fapte, temele actuale cu care se confrunt\u0103 fiecare dintre noi, indiferent de domeniul \u00een care \u00ee\u0219i desf\u0103\u0219oar\u0103 activitatea: s\u0103n\u0103tate, justi\u021bie, industrie, agricultur\u0103, energie, proiecte de dezvoltare, business, avocatur\u0103, mediu, transporturi \u0219i administra\u021bie local\u0103.<\/p>\n<p id=\"p-1\">Emisiunea este difuzat\u0103 live, \u00een fiecare vineri, de la ora 16.00.<\/p>\n<p id=\"p-2\">Moderatoarea Adina Anghelescu, jurnalist de investiga\u021bii, al\u0103turi de invitatul s\u0103u, va lua ATITUDINE \u0219i va pune sub lup\u0103 subiectele de mare interes, \u00eenc\u0103 nerezolvate, pentru g\u0103sirea unor solu\u021bii care s\u0103 determine dep\u0103\u0219irea unor obstacole create de decizii non-constructive.<\/p>\n<p id=\"p-3\">Efectele unei legi asupra vie\u021bii cotidiene sau politice, noile tehnologii \u0219i implica\u021biile lor, problemele existente la nivel local sau decizii politice cu impact global, toate acestea ne afecteaz\u0103 \u00een mod direct \u0219i este nevoie s\u0103 lu\u0103m ATITUDINE.<\/p>\n<p id=\"p-4\">De aceste ATITUDINI din prezent depinde viitorul!<\/p>\n<p id=\"p-5\">Vineri, de la ora 16.00, are loc prima edi\u021bie a emisiunii, av\u00e2ndu-l ca invitat pe Alexandru Rogobete, ministrul S\u0103n\u0103t\u0103\u021bii.<\/p>\n","protected":false},"excerpt":{"rendered":"<p>ATITUDINI \u2013 Noua emisiune marca G\u00e2ndul va fi un spa\u021biu deschis tuturor provoc\u0103rilor pe subiecte de mare impact \u00een care moderatorul Adina Anghelescu \u0219i invita\u021bii s\u0103i vor diseca problemele majore &hellip; <a href=\"https:\/\/microscopemedia.com\/?p=680045\" class=\"more-link\">Read More<\/a><\/p>\n","protected":false},"author":1,"featured_media":680046,"comment_status":"closed","ping_status":"closed","sticky":false,"template":"Default","format":"standard","meta":[],"categories":[1],"tags":[],"_links":{"self":[{"href":"https:\/\/microscopemedia.com\/index.php?rest_route=\/wp\/v2\/posts\/680045"}],"collection":[{"href":"https:\/\/microscopemedia.com\/index.php?rest_route=\/wp\/v2\/posts"}],"about":[{"href":"https:\/\/microscopemedia.com\/index.php?rest_route=\/wp\/v2\/types\/post"}],"author":[{"embeddable":true,"href":"https:\/\/microscopemedia.com\/index.php?rest_route=\/wp\/v2\/users\/1"}],"replies":[{"embeddable":true,"href":"https:\/\/microscopemedia.com\/index.php?rest_route=%2Fwp%2Fv2%2Fcomments&post=680045"}],"version-history":[{"count":0,"href":"https:\/\/microscopemedia.com\/index.php?rest_route=\/wp\/v2\/posts\/680045\/revisions"}],"wp:featuredmedia":[{"embeddable":true,"href":"https:\/\/microscopemedia.com\/index.php?rest_route=\/wp\/v2\/media\/680046"}],"wp:attachment":[{"href":"https:\/\/microscopemedia.com\/index.php?rest_route=%2Fwp%2Fv2%2Fmedia&parent=680045"}],"wp:term":[{"taxonomy":"category","embeddable":true,"href":"https:\/\/microscopemedia.com\/index.php?rest_route=%2Fwp%2Fv2%2Fcategories&post=680045"},{"taxonomy":"post_tag","embeddable":true,"href":"https:\/\/microscopemedia.com\/index.php?rest_route=%2Fwp%2Fv2%2Ftags&post=680045"}],"curies":[{"name":"wp","href":"https:\/\/api.w.org\/{rel}","templated":true}]}}