{"id":680047,"date":"2026-03-04T19:46:04","date_gmt":"2026-03-04T19:46:04","guid":{"rendered":"https:\/\/microscopemedia.com\/?p=680047"},"modified":"2026-03-04T19:46:04","modified_gmt":"2026-03-04T19:46:04","slug":"contre-dure-intre-liderii-coalitiei-grindeanu-i-am-spus-de-patru-ori-astazi-la-coalitie-ca-nu-suntem-de-acord-o-spun-inca-o-data-ca-sa-fie-clar","status":"publish","type":"post","link":"https:\/\/microscopemedia.com\/?p=680047","title":{"rendered":"Contre dure \u00eentre liderii Coali\u021biei. Grindeanu: I-am spus de patru ori ast\u0103zi la Coali\u021bie c\u0103 nu suntem de acord, o spun \u00eenc\u0103 o dat\u0103, ca s\u0103 fie clar"},"content":{"rendered":"<div><img decoding=\"async\" src=\"https:\/\/microscopemedia.com\/wp-content\/uploads\/2026\/03\/contre-dure-intre-liderii-coalitiei-grindeanu-i-am-spus-de-patru-ori-astazi-la-coalitie-ca-nu-suntem-de-acord-o-spun-inca-o-data-ca-sa-fie-clar.jpg\" class=\"ff-og-image-inserted\"><\/div>\n<p id=\"p-0\">Miercuri au fost mai multe atacuri dure \u00eentre membrii Coali\u021biei de guvernare. Ultimul care a lansat un atac a fost pre\u0219edintele PSD, Sorin Grindeanu. El l-a atacat pe premierul Ilie Bolojan.<\/p>\n<p id=\"p-1\">\u201eDomnul Bolojan a t\u0103iat la jum\u0103tate impozitul pentru multina\u021bionale. Domnul Bolojan \u0219i-a revocat singur m\u0103sura care oprea externalizarea profiturilor pentru multina\u021bionale. Domnul Bolojan a luat astfel miliarde de lei din buget \u0219i i-a l\u0103sat la boga\u021bi. Iar acum ne cere s\u0103 fim \u201eresponsabili\u201d c\u00e2nd discut\u0103m dac\u0103 un copil cu dizabilit\u0103\u021bi trebuie s\u0103 primeasc\u0103 de la 80 de lei la 199 de lei din partea statului\u201d, a transmis Sorin Grindeanu.<\/p>\n<p id=\"p-2\">De asemenea, el a contrazis informa\u021bia conform c\u0103reia participan\u021bii la \u0219edin\u021ba de miercuri a Coali\u021biei s-au \u00een\u021beles asupra bugetului.<\/p>\n<p id=\"p-3\">\u201eI-am spus de patru ori ast\u0103zi la Coali\u021bie c\u0103 nu suntem de acord cu aceast\u0103 abordare. O spun \u00eenc\u0103 o dat\u0103, ca s\u0103 fie clar\u201d, a \u00eencheiat Grindeanu.<\/p>\n<p id=\"p-4\">Anterior, premierul Ilie Bolojan a r\u0103spuns PSD care l-a acuzat c\u0103 blocheaz\u0103 adoptarea bugetului de stat. Comunicatul PSD este \u00een contradic\u021bie cu ce s-a \u00eent\u00e2mplat azi \u0219i cu realitatea, a spus Bolojan. Bugetul este finalizat, la \u0219edin\u021ba de coali\u021bie ne-am \u00eenchis \u00een regul\u0103, a ad\u0103ugat premierul \u00een cadrul unui interviu acordat postului B1 TV.<\/p>\n<p id=\"p-5\">\u201eBugetul este finalizat, dar cu provoc\u0103ri foarte importante (\u2026) La \u0219edin\u021ba de coali\u021bie, ne-am \u00eenchis \u00een regul\u0103. \u00cent\u00e2lnirea a fost \u00een bun\u0103 regul\u0103 (\u2026) Comunicatul este \u00een contradic\u021bie cu ce s-a \u00eent\u00e2mplat azi \u0219i cu realitatea (\u2026) este de ne\u00een\u021beles de ce atunci c\u00e2nd discut\u0103m treburi serioase \u00een \u0219edin\u021be lucrurile sunt normale apoi \u00een comunicate, lucrurile sunt total diferite Asta nu ajut\u0103 (\u2026) nu \u00een\u021beleg de ce trebuie s\u0103 avem scandaluri\u201d, a mai spus Ilie Bolojan.<\/p>\n<p id=\"p-6\"><a href=\"https:\/\/www.mediafax.ro\/politic\/bolojan-raspunde-psd-comunicatul-este-in-contradictie-cu-ce-s-a-intamplat-azi-si-cu-realitatea-23697377\">\u0218eful Guvernului<\/a> i-a criticat pe cei care fac propuneri privitoare la buget f\u0103r\u0103 acoperire financiar\u0103.<\/p>\n<p id=\"p-7\">\u201eNu r\u0103m\u00e2n dec\u00e2t spa\u021bii limitate (\u00een buget n.r.) orice propui suplimentar\u2026 dac\u0103 e\u0219ti un om responsabil, trebuie s\u0103 spui sursa de finan\u021bare (\u2026) \u00een toate discu\u021biile din aceast\u0103 perioad\u0103 nu am auzit astfel de propuneri\u201d, a explicat Ilie Bolojan.<\/p>\n<p id=\"p-8\"><a href=\"https:\/\/www.mediafax.ro\/politic\/razboi-in-coalitia-de-guvernare-psd-il-acuza-pe-bolojan-ca-blocheaza-adoptarea-bugetului-23697209\">PSD<\/a> l-a acuzat pe premierul Ilie Bolojan c\u0103 blocheaz\u0103 adoptarea bugetului de stat. A inclus \u00een proiectul s\u0103u de buget o serie de prevederi care contravin total solicit\u0103rilor exprimate anterior de liderii partidelor, a sus\u021binut PSD. Social democra\u021bii se vor reuni pentru a stabili dac\u0103 voteaz\u0103 bugetul.<\/p>\n","protected":false},"excerpt":{"rendered":"<p>Miercuri au fost mai multe atacuri dure \u00eentre membrii Coali\u021biei de guvernare. Ultimul care a lansat un atac a fost pre\u0219edintele PSD, Sorin Grindeanu. El l-a atacat pe premierul Ilie &hellip; <a href=\"https:\/\/microscopemedia.com\/?p=680047\" class=\"more-link\">Read More<\/a><\/p>\n","protected":false},"author":1,"featured_media":680048,"comment_status":"closed","ping_status":"closed","sticky":false,"template":"Default","format":"standard","meta":[],"categories":[1],"tags":[],"_links":{"self":[{"href":"https:\/\/microscopemedia.com\/index.php?rest_route=\/wp\/v2\/posts\/680047"}],"collection":[{"href":"https:\/\/microscopemedia.com\/index.php?rest_route=\/wp\/v2\/posts"}],"about":[{"href":"https:\/\/microscopemedia.com\/index.php?rest_route=\/wp\/v2\/types\/post"}],"author":[{"embeddable":true,"href":"https:\/\/microscopemedia.com\/index.php?rest_route=\/wp\/v2\/users\/1"}],"replies":[{"embeddable":true,"href":"https:\/\/microscopemedia.com\/index.php?rest_route=%2Fwp%2Fv2%2Fcomments&post=680047"}],"version-history":[{"count":0,"href":"https:\/\/microscopemedia.com\/index.php?rest_route=\/wp\/v2\/posts\/680047\/revisions"}],"wp:featuredmedia":[{"embeddable":true,"href":"https:\/\/microscopemedia.com\/index.php?rest_route=\/wp\/v2\/media\/680048"}],"wp:attachment":[{"href":"https:\/\/microscopemedia.com\/index.php?rest_route=%2Fwp%2Fv2%2Fmedia&parent=680047"}],"wp:term":[{"taxonomy":"category","embeddable":true,"href":"https:\/\/microscopemedia.com\/index.php?rest_route=%2Fwp%2Fv2%2Fcategories&post=680047"},{"taxonomy":"post_tag","embeddable":true,"href":"https:\/\/microscopemedia.com\/index.php?rest_route=%2Fwp%2Fv2%2Ftags&post=680047"}],"curies":[{"name":"wp","href":"https:\/\/api.w.org\/{rel}","templated":true}]}}