{"id":680049,"date":"2026-03-04T19:56:04","date_gmt":"2026-03-04T19:56:04","guid":{"rendered":"https:\/\/microscopemedia.com\/?p=680049"},"modified":"2026-03-04T19:56:04","modified_gmt":"2026-03-04T19:56:04","slug":"casa-alba-anunta-ca-spania-este-de-acord-sa-coopereze-cu-armata-sua-guvernul-spaniol-neaga-pozitia-noastra-nu-s-a-schimbat-deloc","status":"publish","type":"post","link":"https:\/\/microscopemedia.com\/?p=680049","title":{"rendered":"Casa Alb\u0103 anun\u021b\u0103 c\u0103 Spania este de acord s\u0103 coopereze cu armata SUA. Guvernul spaniol neag\u0103: Pozi\u021bia noastr\u0103 nu s-a schimbat deloc"},"content":{"rendered":"<div><img decoding=\"async\" src=\"https:\/\/microscopemedia.com\/wp-content\/uploads\/2026\/03\/casa-alba-anunta-ca-spania-este-de-acord-sa-coopereze-cu-armata-sua-guvernul-spaniol-neaga-pozitia-noastra-nu-s-a-schimbat-deloc.jpg\" class=\"ff-og-image-inserted\"><\/div>\n<p id=\"p-0\">Purt\u0103toarea de cuv\u00e2nt a Casei Albe, Karoline Leavitt, a anun\u021bat miercuri faptul c\u0103 Spania a acceptat s\u0103 coopereze cu armata SUA \u00een leg\u0103tur\u0103 cu opera\u021biunile \u00een Orientul Mijlociu.<\/p>\n<p id=\"p-1\">\u201eCred c\u0103 au auzit mesajul lui Trump de ieri, tare \u0219i clar. Au fost de acord s\u0103 coopereze cu armata american\u0103. Armata american\u0103 \u00ee\u0219i coordoneaz\u0103 activitatea cu omologii s\u0103i din Spania\u201d, a spus Karoline Leavitt \u00eentr-o conferin\u021b\u0103 de pres\u0103, potrivit <span><a href=\"https:\/\/apnews.com\/article\/iran-trump-spain-war-sanchez-bases-26c3132777225c4e473f090b7ab07037\" target=\"_blank\" rel=\"noopener\">Associated Press.<\/a><\/span><\/p>\n<p id=\"p-2\">Pe de alt\u0103 parte, Spania neag\u0103 acest lucru. Ministrul spaniol al Afacerilor Externe, Jos\u00e9 Manuel Albares, a negat \u201ecategoric\u201d c\u0103 Spania a acceptat s\u0103 coopereze cu armata SUA, a\u0219a cum a afirmat Leavitt.<\/p>\n<p id=\"p-3\">\u201eNeg categoric acest lucru. Pozi\u021bia Guvernului Spaniei cu privire la r\u0103zboiul din Orientul Mijlociu, bombardamentele din Iran \u0219i utilizarea bazelor noastre nu s-a schimbat deloc\u201d, a declarat Albares \u00eentr-un interviu acordat postului Ser, potrivit <span><a href=\"https:\/\/efe.com\/mundo\/2026-03-04\/estados-unidos-cooperacion-espana-ejercito-bases-guerra-iran\/\" target=\"_blank\" rel=\"noopener\">EFE<\/a><\/span> \u0219i <span><a href=\"https:\/\/elpais.com\/internacional\/2026-03-04\/ultima-hora-del-ataque-de-ee-uu-e-israel-contra-iran-en-directo.html\" target=\"_blank\" rel=\"noopener\">El Pais<\/a><\/span>.<\/p>\n<h2 id=\"chapter-0\">Trump \u00eentrerupe rela\u021biile comerciale cu Spania. Replica premierului Sanchez<\/h2>\n<p id=\"p-4\">Mar\u021bi, pre\u0219edintele american Donald Trump <span><a href=\"https:\/\/www.mediafax.ro\/externe\/trump-anunta-ca-rupe-relatiile-comerciale-cu-spania-dupa-ce-premierul-spaniol-a-refuzat-accesul-sua-in-bazele-militare-23696650\">a anun\u021bat c\u0103 \u00eentrerupe rela\u021biile comerciale cu Spania<\/a><\/span> dup\u0103 ce premierul Pedro Sanchez a refuzat s\u0103 ajute SUA \u00een atacul asupra Iranului. Trump a spus c\u0103 spaniolii au avut o atitudine neprietenoas\u0103.<\/p>\n<p id=\"p-5\">\u201eSpania ne-a spus c\u0103 nu putem folosi bazele lor \u0219i e \u00een regul\u0103, nu avem nevoie de ele. Dac\u0103 vrem, putem pur \u0219i simplu s\u0103 zbur\u0103m \u0219i s\u0103 le folosim. Nimeni nu ne va spune s\u0103 nu le folosim. Dar nu avem nevoie. Au fost neprieteno\u0219i. Spania nu are nimic din ce avem noi nevoie, except\u00e2nd oamenii grozavi\u201d, a spus Trump.<\/p>\n<p id=\"p-6\">\u00cen replic\u0103, <span><a href=\"https:\/\/www.mediafax.ro\/stirile-zilei\/premierul-spaniei-pedro-sanchez-ii-raspunde-lui-trump-spunem-nu-incalcarii-dreptului-international-23696929\">premierul spaniol Pedro S\u00e1nchez<\/a> <\/span>a spus c\u0103 Madridul se plaseaz\u0103 de partea dreptului interna\u021bional \u00een leg\u0103tur\u0103 cu r\u0103zboiul din Orientul Mijlociu.<\/p>\n<p id=\"p-7\">\u201ePozi\u021bia guvernului spaniol \u00een aceast\u0103 situa\u021bie este clar\u0103 \u0219i consecvent\u0103. Este aceea\u0219i pe care am men\u021binut-o \u00een Ucraina, precum \u0219i \u00een Gaza. \u00cen primul r\u00e2nd, spunem nu la \u00eenc\u0103lcarea dreptului interna\u021bional, care ne protejeaz\u0103 pe to\u021bi, \u00een special pe cei mai vulnerabili, popula\u021bia civil\u0103. \u00cen al doilea r\u00e2nd, spunem nu la presupunerea c\u0103 lumea \u00ee\u0219i poate rezolva problemele doar prin conflicte, prin bombe\u201d, a spus Sanchez.<\/p>\n","protected":false},"excerpt":{"rendered":"<p>Purt\u0103toarea de cuv\u00e2nt a Casei Albe, Karoline Leavitt, a anun\u021bat miercuri faptul c\u0103 Spania a acceptat s\u0103 coopereze cu armata SUA \u00een leg\u0103tur\u0103 cu opera\u021biunile \u00een Orientul Mijlociu. \u201eCred c\u0103 &hellip; <a href=\"https:\/\/microscopemedia.com\/?p=680049\" class=\"more-link\">Read More<\/a><\/p>\n","protected":false},"author":1,"featured_media":680050,"comment_status":"closed","ping_status":"closed","sticky":false,"template":"Default","format":"standard","meta":[],"categories":[1],"tags":[],"_links":{"self":[{"href":"https:\/\/microscopemedia.com\/index.php?rest_route=\/wp\/v2\/posts\/680049"}],"collection":[{"href":"https:\/\/microscopemedia.com\/index.php?rest_route=\/wp\/v2\/posts"}],"about":[{"href":"https:\/\/microscopemedia.com\/index.php?rest_route=\/wp\/v2\/types\/post"}],"author":[{"embeddable":true,"href":"https:\/\/microscopemedia.com\/index.php?rest_route=\/wp\/v2\/users\/1"}],"replies":[{"embeddable":true,"href":"https:\/\/microscopemedia.com\/index.php?rest_route=%2Fwp%2Fv2%2Fcomments&post=680049"}],"version-history":[{"count":0,"href":"https:\/\/microscopemedia.com\/index.php?rest_route=\/wp\/v2\/posts\/680049\/revisions"}],"wp:featuredmedia":[{"embeddable":true,"href":"https:\/\/microscopemedia.com\/index.php?rest_route=\/wp\/v2\/media\/680050"}],"wp:attachment":[{"href":"https:\/\/microscopemedia.com\/index.php?rest_route=%2Fwp%2Fv2%2Fmedia&parent=680049"}],"wp:term":[{"taxonomy":"category","embeddable":true,"href":"https:\/\/microscopemedia.com\/index.php?rest_route=%2Fwp%2Fv2%2Fcategories&post=680049"},{"taxonomy":"post_tag","embeddable":true,"href":"https:\/\/microscopemedia.com\/index.php?rest_route=%2Fwp%2Fv2%2Ftags&post=680049"}],"curies":[{"name":"wp","href":"https:\/\/api.w.org\/{rel}","templated":true}]}}