{"id":680055,"date":"2026-03-04T20:27:03","date_gmt":"2026-03-04T20:27:03","guid":{"rendered":"https:\/\/microscopemedia.com\/?p=680055"},"modified":"2026-03-04T20:27:03","modified_gmt":"2026-03-04T20:27:03","slug":"liderul-aur-prezent-in-sua-va-avea-un-discurs-in-cadrul-conferintei-alliance-of-sovereign-nations-dupa-presedintele-camerei-reprezentantilor","status":"publish","type":"post","link":"https:\/\/microscopemedia.com\/?p=680055","title":{"rendered":"Liderul AUR, prezent \u00een SUA. Va avea un discurs \u00een cadrul conferin\u021bei \u201eAlliance of Sovereign Nations\u201d dup\u0103 pre\u0219edintele Camerei Reprezentan\u021bilor"},"content":{"rendered":"<p id=\"p-0\">Al\u0103turi de George Simion se mai afl\u0103 prim-vicepre\u0219edintele AUR, Dan Dungaciu, \u0219i al\u021bi \u0219apte senatori \u0219i deputa\u021bi ai forma\u021biunii.<\/p>\n<p id=\"p-1\">Conform unor surse din interiorul organizatorilor, Simion va vorbi \u00een cadrul unui panel despre cenzur\u0103 \u0219i libertatea de exprimare, scrie <span><a href=\"https:\/\/www.gandul.ro\/diverse\/george-simion-vorbeste-imediat-dupa-presedintele-congresului-sua-la-washington-20821532\" target=\"_blank\" rel=\"noopener\">G\u00e2ndul<\/a><\/span>.<\/p>\n<p id=\"p-2\">Mesajul liderului AUR vine \u00eentr-un context \u00een care ecourile Raportului Comisiei Juridice din Camera Reprezentan\u021bilor, potrivit c\u0103ruia Comisia European\u0103 a intervenit flagrant \u00een alegerile desf\u0103\u0219urate \u00een mai multe \u021b\u0103ri, inclusiv Rom\u00e2nia, sunt departe de a fi stinse.<\/p>\n<p id=\"p-3\">Evenimentul Alliance of Sovereign Nations este organizat de Turning Point USA, fondat\u0103 de Charlie Kirk, \u0219i de Anna Paulina Luna, apropiat\u0103 a pre\u0219edintelui Trump \u0219i una dintre cele mai puternice \u0219i influente voci din cadrul Congresului american. Potrivit website-ului oficial, conferin\u021ba va reuni lideri politici, ai mediului de afaceri, al celui academic \u0219i nu numai, \u201epentru un eveniment influent \u0219i informativ, centrat pe problemele care afecteaz\u0103 omenirea.\u201d<\/p>\n<p id=\"p-4\"><img class=\"alignnone size-full wp-image-23697464\" src=\"https:\/\/microscopemedia.com\/wp-content\/uploads\/2026\/03\/liderul-aur-prezent-in-sua-va-avea-un-discurs-in-cadrul-conferintei-alliance-of-sovereign-nations-dupa-presedintele-camerei-reprezentantilor.webp\" alt width=\"700\" height=\"443\" loading=\"lazy\" decoding=\"async\" srcset=\"https:\/\/microscopemedia.com\/wp-content\/uploads\/2026\/03\/liderul-aur-prezent-in-sua-va-avea-un-discurs-in-cadrul-conferintei-alliance-of-sovereign-nations-dupa-presedintele-camerei-reprezentantilor-1.webp 500w, https:\/\/microscopemedia.com\/wp-content\/uploads\/2026\/03\/liderul-aur-prezent-in-sua-va-avea-un-discurs-in-cadrul-conferintei-alliance-of-sovereign-nations-dupa-presedintele-camerei-reprezentantilor.webp 728w\"><\/p>\n<p id=\"p-5\">Surse de la v\u00e2rful AUR au declarat c\u0103 George Simion va avea \u00eent\u00e2lniri at\u00e2t cu Mike Johnson, al\u021bi membri ai Congresului SUA, c\u00e2t \u0219i cu reprezentan\u021bi ai Departamentului de Stat.<\/p>\n","protected":false},"excerpt":{"rendered":"<p>Al\u0103turi de George Simion se mai afl\u0103 prim-vicepre\u0219edintele AUR, Dan Dungaciu, \u0219i al\u021bi \u0219apte senatori \u0219i deputa\u021bi ai forma\u021biunii. Conform unor surse din interiorul organizatorilor, Simion va vorbi \u00een cadrul &hellip; <a href=\"https:\/\/microscopemedia.com\/?p=680055\" class=\"more-link\">Read More<\/a><\/p>\n","protected":false},"author":1,"featured_media":680056,"comment_status":"closed","ping_status":"closed","sticky":false,"template":"Default","format":"standard","meta":[],"categories":[1],"tags":[],"_links":{"self":[{"href":"https:\/\/microscopemedia.com\/index.php?rest_route=\/wp\/v2\/posts\/680055"}],"collection":[{"href":"https:\/\/microscopemedia.com\/index.php?rest_route=\/wp\/v2\/posts"}],"about":[{"href":"https:\/\/microscopemedia.com\/index.php?rest_route=\/wp\/v2\/types\/post"}],"author":[{"embeddable":true,"href":"https:\/\/microscopemedia.com\/index.php?rest_route=\/wp\/v2\/users\/1"}],"replies":[{"embeddable":true,"href":"https:\/\/microscopemedia.com\/index.php?rest_route=%2Fwp%2Fv2%2Fcomments&post=680055"}],"version-history":[{"count":0,"href":"https:\/\/microscopemedia.com\/index.php?rest_route=\/wp\/v2\/posts\/680055\/revisions"}],"wp:featuredmedia":[{"embeddable":true,"href":"https:\/\/microscopemedia.com\/index.php?rest_route=\/wp\/v2\/media\/680056"}],"wp:attachment":[{"href":"https:\/\/microscopemedia.com\/index.php?rest_route=%2Fwp%2Fv2%2Fmedia&parent=680055"}],"wp:term":[{"taxonomy":"category","embeddable":true,"href":"https:\/\/microscopemedia.com\/index.php?rest_route=%2Fwp%2Fv2%2Fcategories&post=680055"},{"taxonomy":"post_tag","embeddable":true,"href":"https:\/\/microscopemedia.com\/index.php?rest_route=%2Fwp%2Fv2%2Ftags&post=680055"}],"curies":[{"name":"wp","href":"https:\/\/api.w.org\/{rel}","templated":true}]}}