{"id":680059,"date":"2026-03-04T20:56:04","date_gmt":"2026-03-04T20:56:04","guid":{"rendered":"https:\/\/microscopemedia.com\/?p=680059"},"modified":"2026-03-04T20:56:04","modified_gmt":"2026-03-04T20:56:04","slug":"inca-un-grup-de-romani-a-fost-repatriat-din-israel-anunta-ministerul-afacerilor-externe","status":"publish","type":"post","link":"https:\/\/microscopemedia.com\/?p=680059","title":{"rendered":"\u00cenc\u0103 un grup de rom\u00e2ni a fost repatriat din Israel, anun\u021b\u0103 Ministerul Afacerilor Externe"},"content":{"rendered":"<div><img decoding=\"async\" src=\"https:\/\/microscopemedia.com\/wp-content\/uploads\/2026\/03\/inca-un-grup-de-romani-a-fost-repatriat-din-israel-anunta-ministerul-afacerilor-externe.jpg\" class=\"ff-og-image-inserted\"><\/div>\n<p id=\"p-0\">Ministerul Afacerilor Externe a precizat c\u0103 490 de persoane au fost repatriate \u00een Rom\u00e2nia din zona de conflict din Orientul Mijlociu.<\/p>\n<p id=\"p-1\">\u201e\u00cen continuarea demersurilor de sprijinire a cet\u0103\u021benilor rom\u00e2ni afecta\u021bi de deteriorarea accentuat\u0103 a situa\u021biei de securitate din regiunea Orientului Mijlociu, Ministerul Afacerilor Externe (MAE) precizeaz\u0103 c\u0103 dintre cet\u0103\u021benii rom\u00e2ni care \u0219i-au anun\u021bat prezen\u021ba \u0219i au solicitat asisten\u021b\u0103 consular\u0103, din eviden\u021ba MAE s-au \u00eentors \u00een \u021bar\u0103 490 de persoane\u201d, a transmis MAE printru-un comunicat de pres\u0103.<\/p>\n<p id=\"p-2\">Dintre acestea, potrivit comunicatului, 318 cet\u0103\u021beni rom\u00e2ni s-au \u00eentors din Statul Israel cu zboruri de repatriere asistat\u0103, prin intermediul curselor charter angajate prin agen\u021biile de voiaj \u0219i au beneficiat de asisten\u021b\u0103 consular\u0103 din partea reprezentan\u021bilor Ambasadei Rom\u00e2niei \u00een Republica Arab\u0103 Egipt \u00een aeroportul interna\u021bional Cairo, pentru facilitarea dialogului cu autorit\u0103\u021bile egiptene \u0219i pentru asigurarea desf\u0103\u0219ur\u0103rii f\u0103r\u0103 impedimente a procedurilor de \u00eembarcare.<\/p>\n<p id=\"p-3\">Patru rom\u00e2ni au revenit \u00een \u021bar\u0103 din Iordania prin intermediul unui zbor de evacuare organizat de autorit\u0103\u021bile din Slovacia. Reprezentan\u021bii Ambasadei Rom\u00e2niei la Amman, c\u00e2t \u0219i ai Ambasadei Rom\u00e2niei la Bratislava au fost \u00een leg\u0103tur\u0103 permanent\u0103 cu autorit\u0103\u021bile slovace pentru coordonare \u0219i sprijin \u00een timp real, \u00een vederea acord\u0103rii asisten\u021bei \u0219i protec\u021biei consulare.<\/p>\n<h2 id=\"chapter-0\">O companie privat\u0103 a r\u0103spuns solicit\u0103rii MAE<\/h2>\n<p id=\"p-4\">Un alt grup de 174 de persoane, dintre care 172 cet\u0103\u021beni rom\u00e2ni \u0219i 2 cet\u0103\u021beni ai Republicii Moldova, a revenit \u00een \u021bar\u0103 din Statul Israel, prin intermediul unei curse aeriene operat\u0103 de o companie privat\u0103 care \u0219i-a exprimat, la solictarea MAE, disponibilitatea pentru a efectua un zbor pe ruta Taba-Bucure\u0219ti.<\/p>\n<p id=\"p-5\">\u201eGrupul de cet\u0103\u021beni rom\u00e2ni a p\u0103r\u0103sit teritoriul Statului Israel, fiind \u00eenso\u021bi\u021bi p\u00e2n\u0103 la frontiera egiptean\u0103 de o echip\u0103 consular\u0103 mobil\u0103 din cadrul Ambasadei Rom\u00e2niei la Tel Aviv, respectiv din cadrul Consulatului General al Rom\u00e2niei la Haifa. Cet\u0103\u021benii rom\u00e2ni au fost a\u0219tepta\u021bi \u00een Taba, Republica Arab\u0103 Egipt de o echip\u0103 consular\u0103 mobil\u0103 din cadrul Ambasadei Rom\u00e2niei la Cairo, care a facilitat efectuarea formalit\u0103\u021bilor vamale \u0219i i-a \u00eenso\u021bit p\u00e2n\u0103 la \u00eembarcarea \u00een aeronava cu destina\u021bia Bucure\u0219ti\u201d, a transmis MAE.<\/p>\n<p id=\"p-6\">Ministerul de Externe mai precizeaz\u0103 c\u0103 Celula de Criz\u0103, prin intermediul misiunilor diplomatice \u0219i al oficiilor consulare ale Rom\u00e2niei din regiune, reprezentan\u021bii ministerului men\u021bin contactul cu cet\u0103\u021benii rom\u00e2ni afecta\u021bi de conflictul din Orientul Mijlociu, precum \u0219i cu autorit\u0103\u021bile statelor din regiune \u0219i va continua s\u0103 acorde asisten\u021b\u0103 \u0219i protec\u021bie consular\u0103, cu prioritizarea siguran\u021bei cet\u0103\u021benilor rom\u00e2ni, \u00een func\u021bie de evolu\u021bia situa\u021biei de securitate.<\/p>\n<p id=\"p-7\">&nbsp;<\/p>\n","protected":false},"excerpt":{"rendered":"<p>Ministerul Afacerilor Externe a precizat c\u0103 490 de persoane au fost repatriate \u00een Rom\u00e2nia din zona de conflict din Orientul Mijlociu. \u201e\u00cen continuarea demersurilor de sprijinire a cet\u0103\u021benilor rom\u00e2ni afecta\u021bi &hellip; <a href=\"https:\/\/microscopemedia.com\/?p=680059\" class=\"more-link\">Read More<\/a><\/p>\n","protected":false},"author":1,"featured_media":680060,"comment_status":"closed","ping_status":"closed","sticky":false,"template":"Default","format":"standard","meta":[],"categories":[1],"tags":[],"_links":{"self":[{"href":"https:\/\/microscopemedia.com\/index.php?rest_route=\/wp\/v2\/posts\/680059"}],"collection":[{"href":"https:\/\/microscopemedia.com\/index.php?rest_route=\/wp\/v2\/posts"}],"about":[{"href":"https:\/\/microscopemedia.com\/index.php?rest_route=\/wp\/v2\/types\/post"}],"author":[{"embeddable":true,"href":"https:\/\/microscopemedia.com\/index.php?rest_route=\/wp\/v2\/users\/1"}],"replies":[{"embeddable":true,"href":"https:\/\/microscopemedia.com\/index.php?rest_route=%2Fwp%2Fv2%2Fcomments&post=680059"}],"version-history":[{"count":0,"href":"https:\/\/microscopemedia.com\/index.php?rest_route=\/wp\/v2\/posts\/680059\/revisions"}],"wp:featuredmedia":[{"embeddable":true,"href":"https:\/\/microscopemedia.com\/index.php?rest_route=\/wp\/v2\/media\/680060"}],"wp:attachment":[{"href":"https:\/\/microscopemedia.com\/index.php?rest_route=%2Fwp%2Fv2%2Fmedia&parent=680059"}],"wp:term":[{"taxonomy":"category","embeddable":true,"href":"https:\/\/microscopemedia.com\/index.php?rest_route=%2Fwp%2Fv2%2Fcategories&post=680059"},{"taxonomy":"post_tag","embeddable":true,"href":"https:\/\/microscopemedia.com\/index.php?rest_route=%2Fwp%2Fv2%2Ftags&post=680059"}],"curies":[{"name":"wp","href":"https:\/\/api.w.org\/{rel}","templated":true}]}}