{"id":680065,"date":"2026-03-04T21:36:04","date_gmt":"2026-03-04T21:36:04","guid":{"rendered":"https:\/\/microscopemedia.com\/?p=680065"},"modified":"2026-03-04T21:36:04","modified_gmt":"2026-03-04T21:36:04","slug":"atac-terestru-in-iran-mii-de-luptatori-au-trecut-frontiera-iraniana-incercand-sa-rastoarne-regimul-de-la-teheran","status":"publish","type":"post","link":"https:\/\/microscopemedia.com\/?p=680065","title":{"rendered":"Atac terestru \u00een Iran. Mii de lupt\u0103tori au trecut frontiera iranian\u0103 \u00eencerc\u00e2nd s\u0103 r\u0103stoarne regimul de la Teheran"},"content":{"rendered":"<div><img decoding=\"async\" src=\"https:\/\/microscopemedia.com\/wp-content\/uploads\/2026\/03\/atac-terestru-in-iran-mii-de-luptatori-au-trecut-frontiera-iraniana-incercand-sa-rastoarne-regimul-de-la-teheran.jpg\" class=\"ff-og-image-inserted\"><\/div>\n<p id=\"p-0\">Un oficial al Coali\u021biei For\u021belor Politice din Kurdistanul Iranian (CPFIK) sus\u021bine c\u0103 grupurile armate kurde cu sediul \u00een Irak au \u00eenceput o ofensiv\u0103 militar\u0103 \u00eempotriva for\u021belor regimului iranian. Informa\u021bia este prezentat\u0103 \u00een exclusivitate de <a href=\"https:\/\/www.i24news.tv\/en\/news\/middle-east\/iran-eastern-states\/artc-exclusive-thousands-of-kurdish-fighters-launch-ground-offensive-into-iran-against-regime-official-says\" target=\"_blank\" rel=\"noopener\">i24NEWS<\/a>.<\/p>\n<p id=\"p-1\">Potrivit oficialului, lupt\u0103torii kurzi afilia\u021bi Partidului Via\u021ba Liber\u0103 din Kurdistan (PJAK) au \u00eenceput s\u0103 ocupe pozi\u021bii de lupt\u0103 \u00een interiorul teritoriului iranian \u00eenc\u0103 de luni.<\/p>\n<p id=\"p-2\">\u201eMi\u0219c\u0103rile militare terestre ale for\u021belor kurde \u00eempotriva Iranului au \u00eenceput de la miezul nop\u021bii de 2 martie\u201d, a declarat oficialul pentru i24NEWS.<\/p>\n<p id=\"p-3\">El a mai spus c\u0103 for\u021bele iraniene au evacuat ora\u0219ul de frontier\u0103 Mariwan pe 3 martie \u0219i au \u00eenceput s\u0103 stabileasc\u0103 pozi\u021bii defensive \u00een jurul zonei. Lupt\u0103torii PJAK au ajuns \u00een jurul mun\u021bilor din vestul Iranului, a mai transmis oficialul.<\/p>\n<p id=\"p-4\">Mai multe informa\u021bii neconfirmate arat\u0103 c\u0103 Washingtonul ia \u00een considerare un parteneriat cu grupurile kurde. Planul ar putea fi de a provoca o revolt\u0103 de propor\u021bii \u00een interiorul Iranului.<\/p>\n<p id=\"p-5\">Casa Alb\u0103 nu a confirmat planul de a \u00eenarma grupuri kurde \u0219i nici ofensiva lansat\u0103 lansat\u0103 luni de kurzi.<\/p>\n","protected":false},"excerpt":{"rendered":"<p>Un oficial al Coali\u021biei For\u021belor Politice din Kurdistanul Iranian (CPFIK) sus\u021bine c\u0103 grupurile armate kurde cu sediul \u00een Irak au \u00eenceput o ofensiv\u0103 militar\u0103 \u00eempotriva for\u021belor regimului iranian. Informa\u021bia este &hellip; <a href=\"https:\/\/microscopemedia.com\/?p=680065\" class=\"more-link\">Read More<\/a><\/p>\n","protected":false},"author":1,"featured_media":680066,"comment_status":"closed","ping_status":"closed","sticky":false,"template":"Default","format":"standard","meta":[],"categories":[1],"tags":[],"_links":{"self":[{"href":"https:\/\/microscopemedia.com\/index.php?rest_route=\/wp\/v2\/posts\/680065"}],"collection":[{"href":"https:\/\/microscopemedia.com\/index.php?rest_route=\/wp\/v2\/posts"}],"about":[{"href":"https:\/\/microscopemedia.com\/index.php?rest_route=\/wp\/v2\/types\/post"}],"author":[{"embeddable":true,"href":"https:\/\/microscopemedia.com\/index.php?rest_route=\/wp\/v2\/users\/1"}],"replies":[{"embeddable":true,"href":"https:\/\/microscopemedia.com\/index.php?rest_route=%2Fwp%2Fv2%2Fcomments&post=680065"}],"version-history":[{"count":0,"href":"https:\/\/microscopemedia.com\/index.php?rest_route=\/wp\/v2\/posts\/680065\/revisions"}],"wp:featuredmedia":[{"embeddable":true,"href":"https:\/\/microscopemedia.com\/index.php?rest_route=\/wp\/v2\/media\/680066"}],"wp:attachment":[{"href":"https:\/\/microscopemedia.com\/index.php?rest_route=%2Fwp%2Fv2%2Fmedia&parent=680065"}],"wp:term":[{"taxonomy":"category","embeddable":true,"href":"https:\/\/microscopemedia.com\/index.php?rest_route=%2Fwp%2Fv2%2Fcategories&post=680065"},{"taxonomy":"post_tag","embeddable":true,"href":"https:\/\/microscopemedia.com\/index.php?rest_route=%2Fwp%2Fv2%2Ftags&post=680065"}],"curies":[{"name":"wp","href":"https:\/\/api.w.org\/{rel}","templated":true}]}}