{"id":680067,"date":"2026-03-04T21:46:04","date_gmt":"2026-03-04T21:46:04","guid":{"rendered":"https:\/\/microscopemedia.com\/?p=680067"},"modified":"2026-03-04T21:46:04","modified_gmt":"2026-03-04T21:46:04","slug":"alexandra-capitanescu-reprezinta-romania-la-eurovision-2026-a-castigat-selectia-nationala-cu-piesa-choke-me","status":"publish","type":"post","link":"https:\/\/microscopemedia.com\/?p=680067","title":{"rendered":"Alexandra C\u0103pit\u0103nescu reprezint\u0103 Rom\u00e2nia la Eurovision 2026. A c\u00e2\u015ftigat selec\u0163ia na\u021bional\u0103 cu piesa \u201eChoke Me\u201d"},"content":{"rendered":"<div><img decoding=\"async\" src=\"https:\/\/microscopemedia.com\/wp-content\/uploads\/2026\/03\/alexandra-capitanescu-reprezinta-romania-la-eurovision-2026-a-castigat-selectia-nationala-cu-piesa-choke-me.jpg\" class=\"ff-og-image-inserted\"><\/div>\n<p data-start=\"82\" data-end=\"322\" id=\"p-0\">Rom\u00e2nia \u0219i-a desemnat miercuri sear\u0103 reprezentanta pentru edi\u021bia din 2026 a concursului <span class=\"hover:entity-accent entity-underline inline cursor-pointer align-baseline\"><span class=\"whitespace-normal\">Eurovision Song Contest 2026<\/span><\/span>. C\u00e2\u0219tig\u0103toarea Alexandra C\u0103pit\u0103nescu va urca pe scena de la Viena \u00een luna mai, cu piesa rock \u201eChoke Me\u201d, o melodie cu mesaj personal.<\/p>\n<p><iframe title=\"YouTube video player\" src=\"https:\/\/www.youtube.com\/embed\/yr2ELdzBsiw?si=31LDcZ0O9VTemMsB\" width=\"560\" height=\"315\" frameborder=\"0\" allowfullscreen=\"allowfullscreen\" rel=\"lazyframe\" loading=\"lazy\">[embedded content]<\/iframe><\/p>\n<p data-start=\"324\" data-end=\"528\" id=\"p-2\">Artista a primit vestea cu emo\u021bie \u0219i a vorbit despre dorin\u021ba ei de a transmite un mesaj autentic prin muzic\u0103. \u201eVreau ca muzica mea s\u0103 ajung\u0103 la oameni\u201d, a declarat ea, imediat dup\u0103 anun\u021barea rezultatului.<\/p>\n<p><iframe title=\"YouTube video player\" src=\"https:\/\/www.youtube.com\/embed\/KYLjJIf9qfc?si=Hmen79Aa9MdaL0Gs\" width=\"560\" height=\"315\" frameborder=\"0\" allowfullscreen=\"allowfullscreen\" rel=\"lazyframe\" loading=\"lazy\">[embedded content]<\/iframe><\/p>\n<p data-start=\"530\" data-end=\"879\" id=\"p-4\">Alexandra C\u0103pit\u0103nescu a explicat c\u0103 piesa reprezint\u0103, de fapt, o confruntare interioar\u0103. Potrivit acesteia, melodia aduce \u00een prim-plan lupta cu g\u00e2ndurile ap\u0103s\u0103toare \u0219i cu temerile care blocheaz\u0103 evolu\u021bia personal\u0103. Ea a descris melodia drept un dialog \u00eentre sine \u0219i \u201evocile fantom\u0103 care nu ne dau pace, ne \u0163in bloca\u0163i \u00een trecut, ne \u0163in ancora\u0163i \u00een frici\u201d.<\/p>\n<p data-start=\"881\" data-end=\"1296\" id=\"p-5\">Mesajul central al melodiei \u201eChoke Me\u201d este \u00eens\u0103 unul optimist.<\/p>\n<p data-start=\"881\" data-end=\"1296\" id=\"p-6\">\u201eIar refrenul este destul de pozitiv: spunem c\u00e2t conteaz\u0103 dragostea de sine \u015fi transmite s\u0103 fim mai bl\u00e2nzi cu noi, \u00een general, \u00een tot ceea ce facem, \u00een toate domeniile, pentru c\u0103 doar a\u015fa ajungem la adev\u0103ratul nostru poten\u0163ial. Dac\u0103 nu ne-am pune noi propriile noastre limite, am ajunge 100% la poten\u0163ialul nostru\u201d, a spus artista conform <a href=\"https:\/\/eurovisionromania.ro\/\">eurovisionromania.ro<\/a>.<\/p>\n<p data-start=\"1298\" data-end=\"1609\" id=\"p-7\">Selec\u021bia Na\u021bional\u0103 pentru Eurovision 2026 a \u00eenceput la ora 20:00 \u0219i a fost transmis\u0103 pe <span class=\"hover:entity-accent entity-underline inline cursor-pointer align-baseline\"><span class=\"whitespace-normal\">TVR 1<\/span><\/span>, <span class=\"hover:entity-accent entity-underline inline cursor-pointer align-baseline\"><span class=\"whitespace-normal\">TVR Moldova<\/span><\/span> \u0219i <span class=\"hover:entity-accent entity-underline inline cursor-pointer align-baseline\"><span class=\"whitespace-normal\">TVR Interna\u021bional<\/span><\/span>, dar \u0219i online, pe platforma tvrplus.ro, \u00een aplica\u021bia mobil\u0103 TVR+ \u0219i pe contul oficial de YouTube al TVR.<\/p>\n<p data-start=\"1611\" data-end=\"1990\" id=\"p-8\">C\u00e2\u0219tig\u0103toarea a fost stabilit\u0103 de un juriu de specialitate, care a acordat puncte fiec\u0103rui concurent.<\/p>\n<p data-start=\"1611\" data-end=\"1990\" id=\"p-9\">Artistul cu cel mai mare total a ob\u021binut dreptul de a reprezenta Rom\u00e2nia la Viena. \u00cen urma semifinalelor, jura\u021bii au ales zece finali\u0219ti, iar publicul a trimis \u00een final\u0103 \u00eenc\u0103 doi arti\u0219ti: Antonio Pican \u0219i <span class=\"hover:entity-accent entity-underline inline cursor-pointer align-baseline\"><span class=\"whitespace-normal\">Andrei Ursu<\/span><\/span>, cunoscut sub numele de scen\u0103 WRS.<\/p>\n<p data-start=\"1992\" data-end=\"2255\" id=\"p-10\">Din juriu au f\u0103cut parte nume cunoscute din industria muzical\u0103 \u0219i media: <span class=\"hover:entity-accent entity-underline inline cursor-pointer align-baseline\"><span class=\"whitespace-normal\">Andreea B\u0103lan<\/span><\/span>, compozitorul <span class=\"hover:entity-accent entity-underline inline cursor-pointer align-baseline\"><span class=\"whitespace-normal\">Andrei Tudor<\/span><\/span>, Marius Dia, Cristian Tarcea, cunoscut ca Monoir, Elena Popa, Doru Ionescu \u0219i Cristian Marica R\u0103doi.<\/p>\n<p data-start=\"2257\" data-end=\"2529\" id=\"p-11\">Tragerea la sor\u021bi pentru repartizarea \u021b\u0103rilor \u00een semifinale a avut loc la Viena pe 12 ianuarie.<\/p>\n<p data-start=\"2257\" data-end=\"2529\" id=\"p-12\">\u00cen urma tragerii la sor\u021bi, s-a stabilit c\u0103 \u00een prima semifinal\u0103, desf\u0103\u0219urat\u0103 pe 12 mai, vor concura Israel, Muntenegru, Estonia, Georgia, Portugalia, San Marino, Croa\u021bia, Suedia, Polonia, Belgia, Lituania, Serbia, Finlanda, Moldova \u0219i Grecia. \u00cen cea de-a doua semifinal\u0103, pe 14 mai, vor concura Albania, Danemarca, Armenia, <span><strong>Rom\u00e2nia<\/strong><\/span>, Cipru, Elve\u021bia, Norvegia, Azerbaijan, Luxemburg, Malta, Bulgaria Australia, Ucraina, Republica Ceh\u0103 \u0219i Letonia.<\/p>\n<p data-start=\"2531\" data-end=\"2736\" id=\"p-13\">\u00cen marea final\u0103, programat\u0103 pe 16 mai, intr\u0103 automat \u021bara gazd\u0103, Austria, precum \u0219i Fran\u021ba, Germania, Italia \u0219i Marea Britanie, datorit\u0103 statutului lor de principali contributori financiari ai competi\u021biei.<\/p>\n","protected":false},"excerpt":{"rendered":"<p>Rom\u00e2nia \u0219i-a desemnat miercuri sear\u0103 reprezentanta pentru edi\u021bia din 2026 a concursului Eurovision Song Contest 2026. C\u00e2\u0219tig\u0103toarea Alexandra C\u0103pit\u0103nescu va urca pe scena de la Viena \u00een luna mai, cu &hellip; <a href=\"https:\/\/microscopemedia.com\/?p=680067\" class=\"more-link\">Read More<\/a><\/p>\n","protected":false},"author":1,"featured_media":680068,"comment_status":"closed","ping_status":"closed","sticky":false,"template":"Default","format":"standard","meta":[],"categories":[1],"tags":[],"_links":{"self":[{"href":"https:\/\/microscopemedia.com\/index.php?rest_route=\/wp\/v2\/posts\/680067"}],"collection":[{"href":"https:\/\/microscopemedia.com\/index.php?rest_route=\/wp\/v2\/posts"}],"about":[{"href":"https:\/\/microscopemedia.com\/index.php?rest_route=\/wp\/v2\/types\/post"}],"author":[{"embeddable":true,"href":"https:\/\/microscopemedia.com\/index.php?rest_route=\/wp\/v2\/users\/1"}],"replies":[{"embeddable":true,"href":"https:\/\/microscopemedia.com\/index.php?rest_route=%2Fwp%2Fv2%2Fcomments&post=680067"}],"version-history":[{"count":0,"href":"https:\/\/microscopemedia.com\/index.php?rest_route=\/wp\/v2\/posts\/680067\/revisions"}],"wp:featuredmedia":[{"embeddable":true,"href":"https:\/\/microscopemedia.com\/index.php?rest_route=\/wp\/v2\/media\/680068"}],"wp:attachment":[{"href":"https:\/\/microscopemedia.com\/index.php?rest_route=%2Fwp%2Fv2%2Fmedia&parent=680067"}],"wp:term":[{"taxonomy":"category","embeddable":true,"href":"https:\/\/microscopemedia.com\/index.php?rest_route=%2Fwp%2Fv2%2Fcategories&post=680067"},{"taxonomy":"post_tag","embeddable":true,"href":"https:\/\/microscopemedia.com\/index.php?rest_route=%2Fwp%2Fv2%2Ftags&post=680067"}],"curies":[{"name":"wp","href":"https:\/\/api.w.org\/{rel}","templated":true}]}}