{"id":680071,"date":"2026-03-04T22:26:03","date_gmt":"2026-03-04T22:26:03","guid":{"rendered":"https:\/\/microscopemedia.com\/?p=680071"},"modified":"2026-03-04T22:26:03","modified_gmt":"2026-03-04T22:26:03","slug":"razboiul-din-orientul-mijlociu-ziua-5-senatul-sua-nu-reuseste-sa-l-opreasca-pe-trump-din-atacurile-asupra-iranului-anuntul-casei-albe-despre-o-eventuala-operatiune-terestra-a-armatei-sua-in-iran","status":"publish","type":"post","link":"https:\/\/microscopemedia.com\/?p=680071","title":{"rendered":"R\u0103zboiul din Orientul Mijlociu, ziua 5. Senatul SUA nu reu\u0219e\u0219te s\u0103-l opreasc\u0103 pe Trump din atacurile asupra Iranului \/ Anun\u021bul Casei Albe despre o eventual\u0103 opera\u021biune terestr\u0103 a armatei SUA \u00een Iran"},"content":{"rendered":"<div class=\"flex flex-col text-sm\">\n<article class=\"text-token-text-primary w-full focus:outline-none [--shadow-height:45px] has-data-writing-block:pointer-events-none has-data-writing-block:-mt-(--shadow-height) has-data-writing-block:pt-(--shadow-height) [&amp;:has([data-writing-block])>*]:pointer-events-auto scroll-mt-[calc(var(&#8211;header-height)+min(200px,max(70px,20svh)))]&#8221; dir=&#8221;auto&#8221; tabindex=&#8221;-1&#8243; data-turn-id=&#8221;request-69a78449-5ac0-8387-8bc5-c0d1ce06b047-4&#8243; data-testid=&#8221;conversation-turn-74&#8243; data-scroll-anchor=&#8221;true&#8221; data-turn=&#8221;assistant&#8221;><\/p>\n<div class=\"text-base my-auto mx-auto pb-10 [--thread-content-margin:--spacing(4)] @w-sm\/main:[--thread-content-margin:--spacing(6)] @w-lg\/main:[--thread-content-margin:--spacing(16)] px-(--thread-content-margin)\">\n<div class=\"[--thread-content-max-width:40rem] @w-lg\/main:[--thread-content-max-width:48rem] mx-auto max-w-(--thread-content-max-width) flex-1 group\/turn-messages focus-visible:outline-hidden relative flex w-full min-w-0 flex-col agent-turn\" tabindex=\"-1\">\n<div class=\"flex max-w-full flex-col grow\">\n<div class=\"min-h-8 text-message relative flex w-full flex-col items-end gap-2 text-start break-words whitespace-normal [.text-message+&amp;]:mt-1\" dir=\"auto\" data-message-author-role=\"assistant\" data-message-id=\"b7c655ab-9ebf-4afe-9987-b3e45d709142\" data-message-model-slug=\"gpt-5-2\">\n<div class=\"flex w-full flex-col gap-1 empty:hidden first:pt-[1px]\" readability=\"21.5\">\n<div class=\"markdown prose dark:prose-invert w-full wrap-break-word light markdown-new-styling\" readability=\"38\">\n<h2 id=\"chapter-0\">Iranul va viza situl nuclear israelian dac\u0103 Israelul \u0219i SUA doresc o schimbare de regim, declar\u0103 un oficial militar<\/h2>\n<p id=\"p-0\">Iranul va viza situl nuclear israelian de la Dimona dac\u0103 Israelul \u0219i SUA doresc o schimbare de regim, a relatat agen\u021bia de \u0219tiri semi-oficial\u0103 iranian\u0103 ISNA, cit\u00e2nd declara\u021biile unui oficial militar iranian, scrie Reuters.<\/p>\n<h2 id=\"chapter-1\">Mili\u021biile kurdo-iraniene au lansat o ofensiv\u0103 terestr\u0103 \u00een nord-vestul Iranului<\/h2>\n<p id=\"p-1\">Postul de televiziune israelian i24News a declarat c\u0103 un oficial american a confirmat ofensiva din Iran. Un corespondent al postului Axios a relatat, de asemenea, confirmarea de la un oficial american de rang \u00eenalt, iar un corespondent al Fox News a scris la postul X c\u0103 \u201emii\u201d de kurzi irakieni au lansat o ofensiv\u0103 terestr\u0103 \u00een Iran, potrivit unei surse oficiale americane.<\/p>\n<h2 data-start=\"0\" data-end=\"99\" id=\"chapter-2\">ACUM. Majoritatea Senatului SUA blocheaz\u0103 efortul de a-l for\u021ba pe Trump s\u0103 \u00eenceteze atacurile<\/h2>\n<p data-start=\"0\" data-end=\"99\" id=\"p-2\">Majoritatea senatorilor americani au votat miercuri noapte \u00eempotriva unei rezolu\u021bii bipartizane privind puterile de r\u0103zboi care urm\u0103re\u0219te s\u0103 opreasc\u0103 campania militar\u0103 \u00eempotriva Iranului.<\/p>\n<p id=\"p-3\">M\u0103sura, sus\u021binut\u0103 de democra\u021bi \u0219i o m\u00e2n\u0103 de republicani, ar necesita autorizarea Congresului pentru ostilit\u0103\u021bile \u00eempotriva Iranului, sus\u021bin\u0103torii argument\u00e2nd c\u0103 reafirm\u0103 autoritatea constitu\u021bional\u0103 a Congresului de a declara r\u0103zboi.<\/p>\n<p id=\"p-4\">Voturile din camera format\u0103 din 100 de membri au fost de 52-47 pentru a nu promova rezolu\u021bia privind puterile de r\u0103zboi.<\/p>\n<p id=\"p-5\">Trump poate continua deocamdat\u0103 campania militar\u0103 \u00eempotriva Iranului, iar Congresul nu i-a limitat autoritatea de a efectua atacurile.<\/p>\n<h2 data-start=\"0\" data-end=\"99\" id=\"chapter-3\">Rubio discut\u0103 cu ministrul de Externe al Turciei despre Iran \u0219i promite sprijin total pentru Ankara<\/h2>\n<\/div>\n<\/div>\n<\/div>\n<\/div>\n<\/div>\n<\/div>\n<\/article>\n<\/div>\n<p id=\"p-6\">Departamentul de Stat a declarat c\u0103 secretarul de stat american, Marco Rubio, a discutat miercuri cu Hakan Fidan, ministrul de externe al Turciei, despre evolu\u021biile recente din Iran \u0219i din \u00eentreg Orientul Mijlociu.<\/p>\n<p id=\"p-7\">\u201eSecretarul i-a spus ministrului de externe c\u0103 atacurile asupra teritoriului suveran al Turciei sunt inacceptabile \u0219i a promis sprijin deplin din partea Statelor Unite\u201d, se arat\u0103 \u00een comunicatul de pres\u0103. \u201eAmbii lideri au reiterat men\u021binerea solidit\u0103\u021bii rela\u021biei bilaterale.\u201d<\/p>\n<h2 id=\"chapter-4\">Toate zborurile programate Emirates c\u0103tre \u0219i dinspre Dubai r\u0103m\u00e2n suspendate p\u00e2n\u0103 pe 7 martie, a declarat compania aerian\u0103<\/h2>\n<p id=\"p-8\">Compania aerian\u0103 Emirates a declarat c\u0103 toate zborurile programate Emirates c\u0103tre \u0219i dinspre Dubai r\u0103m\u00e2n suspendate p\u00e2n\u0103 pe 7 martie, ora 23:59, ora Emiratelor Arabe Unite, din cauza \u00eenchiderii spa\u021biului aerian din regiune, relateaz\u0103 The Guardian.<\/p>\n<p id=\"p-9\">\u201eEmirates continu\u0103 s\u0103 opereze cu un program limitat de zboruri\u201d, au spus ei. \u201eAcord\u0103m prioritate clien\u021bilor cu rezerv\u0103ri anterioare pentru aceste zboruri limitate. Clien\u021bii care tranziteaz\u0103 Dubaiul vor fi accepta\u021bi pentru c\u0103l\u0103torie numai dac\u0103 zborul lor de leg\u0103tur\u0103 este opera\u021bional.\u201d<\/p>\n<h2 id=\"chapter-5\">Autorit\u0103\u021bile din Bahrain au arestat mai multe persoane pentru postarea de videoclipuri cu atacurile Iranului \u0219i \u201eexprimarea simpatiei\u201d cu acestea<\/h2>\n<p id=\"p-10\">Autorit\u0103\u021bile din Bahrain au arestat \u00eenc\u0103 patru persoane pentru postarea de film\u0103ri legate de atacurile Iranului, inclusiv con\u021binut care \u201eexprim\u0103 simpatie\u201d cu acestea, a declarat miercuri Ministerul de Interne al \u021b\u0103rii.<\/p>\n<p id=\"p-11\">\u201eMinisterul a explicat c\u0103 postarea unui astfel de con\u021binut contribuie la inducerea \u00een eroare a opiniei publice \u0219i la r\u0103sp\u00e2ndirea fricii \u00een r\u00e2ndul cet\u0103\u021benilor \u0219i reziden\u021bilor, ceea ce ar putea d\u0103una securit\u0103\u021bii \u0219i ordinii publice\u201d, a precizat acesta.<\/p>\n<p id=\"p-12\">Arest\u0103rile marcheaz\u0103 cea mai recent\u0103 represiune \u00eempotriva public\u0103rii de con\u021binut pe care Bahrainul \u00eel consider\u0103 simpatizant fa\u021b\u0103 de agresiunea iranian\u0103, un act pe care l-a descris drept \u201eo tr\u0103dare a na\u021biunii\u201d.<\/p>\n<p id=\"p-13\">Bahrainul este condus de un guvern musulman sunnit, dar are o popula\u021bie majoritar \u0219iit\u0103 care \u0219i-a exprimat adesea sprijinul pentru Iran, o \u021bar\u0103 dominat\u0103 de \u0219ii\u021bi.<\/p>\n<h2 id=\"chapter-6\">Trump despre atacurile americane din Iran: \u201ePe o scar\u0103 de la 10 la 15, le dau nota 15\u201d<\/h2>\n<p id=\"p-14\">Vorbind la o conferin\u021b\u0103 de pres\u0103 la Casa Alb\u0103, pre\u0219edintele american Donald Trump a declarat: \u201eNe descurc\u0103m foarte bine pe frontul r\u0103zboiului\u201d, ad\u0103ug\u00e2nd: \u201eCineva m-a \u00eentrebat pe o scar\u0103 de la 10 ce nota a\u0219 da, am spus cam 15\u201d.<\/p>\n<p id=\"p-15\">\u201eVom continua s\u0103 ne descurc\u0103m bine, avem de departe cea mai puternic\u0103 armat\u0103 din lume.\u201d El a spus c\u0103 Iranul a reprezentat \u201eo amenin\u021bare enorm\u0103 pentru noi timp de mul\u021bi ani\u201d.<\/p>\n<p id=\"p-16\">Trump a spus c\u0103 Statele Unite au \u201eun sprijin imens \u0219i dac\u0103 nu am fi f\u0103cut-o noi mai \u00eent\u00e2i, ar fi f\u0103cut-o \u0219i cu Israelul \u0219i ne-ar fi dat o \u0219ans\u0103, dac\u0103 ar fi fost posibil\u201d.<\/p>\n<h2 id=\"chapter-7\">Netanyahu a suspectat Casa Alb\u0103 c\u0103 poart\u0103 negocieri separate cu Teheranul<\/h2>\n<p id=\"p-17\">Canalul 12 al televiziunii israeliene men\u021bioneaz\u0103 c\u0103 premierul Benjamin Netanyahu s-a adresat Casei Albe pentru a primi explica\u021bii cu privire la contactele dintre partea iranian\u0103 \u0219i persoane din administra\u021bia Trump privind \u00eencetarea focului.<\/p>\n<h2 id=\"chapter-8\">Reuters: Trump l-a sunat pe Macron \u00een privin\u021ba opera\u021biunii militare a SUA \u00eempotriva Iranului<\/h2>\n<p id=\"p-18\">Agen\u021bia Reuters relateaz\u0103 c\u0103 pre\u0219edintele american Donald Trump l-a sunat pe omologul s\u0103u francez, Emmanuel Macron, pentru a-l informa despre situa\u021bia opera\u021biunii militare a SUA \u00eempotriva Iranului.<\/p>\n<p id=\"p-19\">Cei doi au discutat la telefon despre problema Libanului.<\/p>\n<h2 id=\"chapter-9\">VIDEO. Bombardamente puternice \u00een Teheran<\/h2>\n<h2 id=\"chapter-10\">Anun\u021bul Casei Albe despre o eventual\u0103 opera\u021biune terestr\u0103 a armatei SUA \u00een Iran<\/h2>\n<p id=\"p-20\">Casa Alb\u0103 a f\u0103cut miercuri un anun\u021b de ultim moment privitor la o eventual\u0103 opera\u021biune terestr\u0103 a armatei SUA \u00een Iran.<\/p>\n<p id=\"p-21\">Anun\u021bul a fost f\u0103cut miercuri de secretarul de pres\u0103 al Casei Albe, Karoline Leavitt, potrivit&nbsp;<a href=\"https:\/\/edition.cnn.com\/world\/live-news\/iran-war-us-israel-trump-03-04-26?t=1772650933789\" target=\"_blank\" rel=\"noopener\">CNN<\/a>. Ea a spus c\u0103 <span><a href=\"https:\/\/www.mediafax.ro\/politic\/anuntul-casei-albe-despre-o-eventuala-operatiune-terestra-a-armatei-sua-in-iran-23697428\">prezen\u021ba trupelor americane pe teren \u00een Iran<\/a> <\/span>nu face parte din plan \u201e\u00een acest moment\u201d.<\/p>\n<p id=\"p-22\">\u201eNu fac parte din planul pentru aceast\u0103 opera\u021biune \u00een acest moment, dar cu siguran\u021b\u0103 nu voi elimina niciodat\u0103 op\u021biunile militare \u00een numele pre\u0219edintelui Statelor Unite sau al comandantului suprem \u0219i, \u00een mod \u00een\u021belept, el nu face acela\u0219i lucru pentru sine\u201d, a declarat Karoline Leavitt.<\/p>\n<h2 id=\"chapter-11\">For\u021bele kurde din Irak au lansat o ofensiv\u0103 terestr\u0103 \u00een Iran<\/h2>\n<p id=\"p-23\">Mii de lupt\u0103tori kurzi au intrat pe teritoriul iranian \u0219i au ocupat pozi\u021bii de lupt\u0103 luni, 2 martie, anun\u021b\u0103 i24NEWS.<\/p>\n<p id=\"p-24\"><img class=\"alignnone size-full wp-image-23697450\" src=\"https:\/\/microscopemedia.com\/wp-content\/uploads\/2026\/03\/razboiul-din-orientul-mijlociu-ziua-5-senatul-sua-nu-reuseste-sa-l-opreasca-pe-trump-din-atacurile-asupra-iranului-anuntul-casei-albe-despre-o-eventuala-operatiune-terestra-a-armatei-sua-in-iran.webp\" alt width=\"700\" height=\"653\" loading=\"lazy\" decoding=\"async\" srcset=\"https:\/\/microscopemedia.com\/wp-content\/uploads\/2026\/03\/razboiul-din-orientul-mijlociu-ziua-5-senatul-sua-nu-reuseste-sa-l-opreasca-pe-trump-din-atacurile-asupra-iranului-anuntul-casei-albe-despre-o-eventuala-operatiune-terestra-a-armatei-sua-in-iran-1.webp 500w, https:\/\/microscopemedia.com\/wp-content\/uploads\/2026\/03\/razboiul-din-orientul-mijlociu-ziua-5-senatul-sua-nu-reuseste-sa-l-opreasca-pe-trump-din-atacurile-asupra-iranului-anuntul-casei-albe-despre-o-eventuala-operatiune-terestra-a-armatei-sua-in-iran.webp 728w\"><\/p>\n<h2 id=\"chapter-12\">Casa Alb\u0103 anun\u021b\u0103 Spania a fost de acord s\u0103 coopereze cu SUA, dup\u0103 criticile lui Trump la adresa lui Sanchez. Guvernul spaniol neag\u0103<\/h2>\n<p id=\"p-25\"><span><a href=\"https:\/\/www.mediafax.ro\/externe\/casa-alba-anunta-ca-spania-este-de-acord-sa-coopereze-cu-armata-sua-guvernul-spaniol-neaga-acest-lucru-23697442\">Casa Alb\u0103<\/a><\/span> anun\u021b\u0103 c\u0103 dup\u0103 criticile de ieri ale lui Donald Trump la adresa premierului Pedro Sanchez, Spania a fost de acord s\u0103 coopereze cu SUA: \u201eCred c\u0103 au auzit mesajul lui Trump de ieri, tare \u0219i clar. Au fost de acord s\u0103 coopereze cu armata american\u0103. Armata american\u0103 \u00ee\u0219i coordoneaz\u0103 activitatea cu omologii s\u0103i din Spania\u201d, a afirmat Karoline Leavitt.<\/p>\n<p id=\"p-26\">Pe de alt\u0103 parte, Spania neag\u0103 acest lucru. Ministrul spaniol al Afacerilor Externe, Jos\u00e9 Manuel Albares, a negat \u201ecategoric\u201d c\u0103 Spania a acceptat s\u0103 coopereze cu armata SUA, a\u0219a cum a afirmat Leavitt.<\/p>\n<p id=\"p-27\">\u201eNeg categoric acest lucru. Pozi\u021bia Guvernului Spaniei cu privire la r\u0103zboiul din Orientul Mijlociu, bombardamentele din Iran \u0219i utilizarea bazelor noastre nu s-a schimbat deloc\u201d, a declarat Albares \u00eentr-un interviu acordat postului Ser, potrivit&nbsp;<a href=\"https:\/\/efe.com\/mundo\/2026-03-04\/estados-unidos-cooperacion-espana-ejercito-bases-guerra-iran\/\" target=\"_blank\" rel=\"noopener\">EFE<\/a>&nbsp;\u0219i&nbsp;<a href=\"https:\/\/elpais.com\/internacional\/2026-03-04\/ultima-hora-del-ataque-de-ee-uu-e-israel-contra-iran-en-directo.html\" target=\"_blank\" rel=\"noopener\">El Pais<\/a>.<\/p>\n<h2 id=\"chapter-13\">Secretarul general al Hezbollah: R\u0103bdarea noastr\u0103 are limite, iar agresiunea \u0219i escaladarea israelian\u0103 au devenit excesive<\/h2>\n<p id=\"p-28\">Secretarul general al Hezbollah a f\u0103cut o serie de declara\u021bii miercuri.<\/p>\n<p id=\"p-29\">\u201eR\u0103bdarea noastr\u0103 are limite, iar agresiunea \u0219i escaladarea israelian\u0103 au devenit excesive. Am spus \u00een repetate r\u00e2nduri c\u0103 Israelul \u00ee\u0219i dore\u0219te expansiunea, iar Netanyahu a declarat c\u0103 \u00ee\u0219i dore\u0219te un \u201eIsrael mai mare\u201d. Israelul reprezint\u0103 o amenin\u021bare existen\u021bial\u0103 pentru noi, pentru poporul nostru, pentru \u021bara noastr\u0103 \u0219i pentru \u00eentreaga regiune. Problema nu sunt armele Hezbollah, ci ocupa\u021bia \u0219i \u00eenc\u0103lcarea continu\u0103 a suveranit\u0103\u021bii\u201d, a spus acesta.<\/p>\n<h2 id=\"chapter-14\">Pre\u0219edintele iranian Masoud Pezeshkian reac\u021bioneaz\u0103 la tensiunile SUA-Spania<\/h2>\n<p id=\"p-30\">Pre\u0219edintele iranian Masoud Pezeshkian a reac\u021bionat la tensiunile SUA-Spania, dup\u0103 ce mar\u021bi, pre\u0219edintele american Donald Trump a anun\u021bat c\u0103 va \u00eenrerupe rela\u021biile comerciale cu Spania \u00eentruc\u00e2t \u021bara nu a permis accesul SUA \u00een bazele militare.<\/p>\n<p id=\"p-31\">\u201eConduita responsabil\u0103 a Spaniei \u00een opozi\u021bia cu \u00eenc\u0103lc\u0103rile flagrante ale drepturilor omului \u0219i agresiunea militar\u0103 a coali\u021biei sionist-americane \u00eempotriva unor \u021b\u0103ri, inclusiv Iranul, arat\u0103 c\u0103 etica \u0219i con\u0219tiin\u021bele trezite \u00eenc\u0103 exist\u0103 \u00een Occident. \u00cei felicit pe oficialii spanioli pentru pozi\u021biile lor\u201d, se arat\u0103 \u00een mesajul postat de Pezeshkian pe X.<\/p>\n<h2 id=\"chapter-15\">VIDEO. Cum s-a golit str\u00e2mtoarea Ormuz \u00een c\u00e2teva zile<\/h2>\n<h2 id=\"chapter-16\">Iranul a amenin\u021bat c\u0103 va viza ambasadele israeliene din \u00eentreaga lume dac\u0103 Israelul \u00eei atac\u0103 misiunea din Liban<\/h2>\n<p id=\"p-32\">\u201eDac\u0103 Israelul comite o astfel de crim\u0103, ne va obliga s\u0103 facem din toate ambasadele israeliene din \u00eentreaga lume \u021binta noastr\u0103 legitim\u0103\u201d, a declarat Abolfazl Shekarchi, purt\u0103tor de cuv\u00e2nt al for\u021belor armate ale regimului islamic.<\/p>\n<p id=\"p-33\">Mar\u021bi, Avichay Adraee, un purt\u0103tor de cuv\u00e2nt al IDF, i-a avertizat pe reprezentan\u021bii regimului iranian care se afl\u0103 \u00eenc\u0103 \u00een Liban s\u0103 plece imediat \u00eenainte de a fi viza\u021bi, acord\u00e2ndu-le 24 de ore pentru a pleca.<\/p>\n<h2 id=\"chapter-17\">Senatul va vota \u00een aceast\u0103 noapte pentru a-l obliga pe Trump s\u0103 \u00eenceteze atacurile asupra Iranului<\/h2>\n<p id=\"p-34\">Senatul urmeaz\u0103 s\u0103 ia un vot ini\u021bial miercuri, \u00een jurul orei 16:00, ora estic\u0103\/ SUA, privind blocarea pre\u0219edintelui Donald Trump de a ordona noi atacuri asupra Iranului, oferind primul test al sprijinului Congresului pentru o campanie lansat\u0103 de Trump f\u0103r\u0103 consim\u021b\u0103m\u00e2ntul s\u0103u.<\/p>\n<h2 id=\"chapter-18\">SUA consum\u0103 rapid arme de precizie \u0219i interceptoare antirachet\u0103 la doar c\u00e2teva zile de la \u00eenceputul campaniei din Iran<\/h2>\n<p id=\"p-35\">Oficialii avertizeaz\u0103 c\u0103 stocurile sunt utilizate at\u00e2t de repede \u00eenc\u00e2t armata ar putea fi \u201ela c\u00e2teva zile distan\u021b\u0103\u201d de a stabili priorit\u0103\u021bile amenin\u021b\u0103rilor viitoare pe care s\u0103 le intercepteze, noteaz\u0103&nbsp;<a href=\"https:\/\/www.washingtonpost.com\/world\/2026\/03\/04\/us-iran-israel-strikes-trump-live-updates\/#link-K2VSFSJ24ZHCXBCE4RDUVE6LBQ\" target=\"_blank\" rel=\"noopener\">The Washington Post<\/a>.<\/p>\n<p id=\"p-36\">Senatorul Mark Warner a declarat c\u0103 \u201emuni\u021biile noastre sunt insuficiente\u201d.<\/p>\n<p id=\"p-37\">Potrivit CNN, oficialii americani au declarat Congresului c\u0103 dronele Shahed ale Iranului reprezint\u0103 o provocare major\u0103 \u0219i c\u0103 ap\u0103rarea aerian\u0103 \u201enu va putea s\u0103 le intercepteze pe toate\u201d.<\/p>\n<p id=\"p-38\">De asemenea, parlamentarii au avertizat c\u0103 conflictul ar putea deveni o \u201eproblem\u0103 de matematic\u0103\u201d, deoarece stocurile de interceptori se epuizeaz\u0103.<\/p>\n<p id=\"p-39\">Senatorul Mark Kelly a declarat c\u0103 \u201enu avem o ofert\u0103 nelimitat\u0103\u201d, \u00een timp ce oficialii au recunoscut c\u0103 dronele \u201ereprezint\u0103 o problem\u0103 mai mare dec\u00e2t se anticipase\u201d.<\/p>\n","protected":false},"excerpt":{"rendered":"","protected":false},"author":1,"featured_media":680072,"comment_status":"closed","ping_status":"closed","sticky":false,"template":"Default","format":"standard","meta":[],"categories":[1],"tags":[],"_links":{"self":[{"href":"https:\/\/microscopemedia.com\/index.php?rest_route=\/wp\/v2\/posts\/680071"}],"collection":[{"href":"https:\/\/microscopemedia.com\/index.php?rest_route=\/wp\/v2\/posts"}],"about":[{"href":"https:\/\/microscopemedia.com\/index.php?rest_route=\/wp\/v2\/types\/post"}],"author":[{"embeddable":true,"href":"https:\/\/microscopemedia.com\/index.php?rest_route=\/wp\/v2\/users\/1"}],"replies":[{"embeddable":true,"href":"https:\/\/microscopemedia.com\/index.php?rest_route=%2Fwp%2Fv2%2Fcomments&post=680071"}],"version-history":[{"count":0,"href":"https:\/\/microscopemedia.com\/index.php?rest_route=\/wp\/v2\/posts\/680071\/revisions"}],"wp:featuredmedia":[{"embeddable":true,"href":"https:\/\/microscopemedia.com\/index.php?rest_route=\/wp\/v2\/media\/680072"}],"wp:attachment":[{"href":"https:\/\/microscopemedia.com\/index.php?rest_route=%2Fwp%2Fv2%2Fmedia&parent=680071"}],"wp:term":[{"taxonomy":"category","embeddable":true,"href":"https:\/\/microscopemedia.com\/index.php?rest_route=%2Fwp%2Fv2%2Fcategories&post=680071"},{"taxonomy":"post_tag","embeddable":true,"href":"https:\/\/microscopemedia.com\/index.php?rest_route=%2Fwp%2Fv2%2Ftags&post=680071"}],"curies":[{"name":"wp","href":"https:\/\/api.w.org\/{rel}","templated":true}]}}