{"id":680335,"date":"2026-03-06T09:46:04","date_gmt":"2026-03-06T09:46:04","guid":{"rendered":"https:\/\/microscopemedia.com\/?p=680335"},"modified":"2026-03-06T09:46:04","modified_gmt":"2026-03-06T09:46:04","slug":"presedinta-kosovo-dizolva-parlamentul-si-convoaca-alegeri-anticipate-pentru-a-treia-oara-intr-un-an","status":"publish","type":"post","link":"https:\/\/microscopemedia.com\/?p=680335","title":{"rendered":"Pre\u0219edinta Kosovo dizolv\u0103 parlamentul \u0219i convoac\u0103 alegeri anticipate, pentru a treia oar\u0103 \u00eentr-un an"},"content":{"rendered":"<div><img decoding=\"async\" src=\"https:\/\/microscopemedia.com\/wp-content\/uploads\/2026\/03\/presedinta-kosovo-dizolva-parlamentul-si-convoaca-alegeri-anticipate-pentru-a-treia-oara-intr-un-an.jpg\" class=\"ff-og-image-inserted\"><\/div>\n<p id=\"p-0\"><span>Parlamentul avea termen p\u00e2n\u0103 joi la miezul nop\u021bii pentru a alege un nou pre\u0219edinte \u00eenainte de expirarea mandatului lui Osmani, \u00eens\u0103&nbsp; partidele aflate \u00een opozi\u021bie au refuzat s\u0103 participe la vot, ceea ce a f\u0103cut imposibil\u0103 alegerea unui nou \u0219ef al statului.&nbsp;<\/span><\/p>\n<p id=\"p-1\"><span>Legisla\u021bia din Kosovo prevede c\u0103 e\u0219ecul alegerii pre\u0219edintelui \u00een termenul stabilit declan\u0219eaz\u0103 automat alegeri parlamentare anticipate.&nbsp;<\/span><\/p>\n<p id=\"p-2\"><span>\u201eUn parlament care nu poate alege un pre\u0219edinte nu poate continua la nesf\u00e2r\u0219it s\u0103 tergiverseze procesul a\u0219a cum se \u00eencearc\u0103. Nimeni nu ar trebui s\u0103-\u0219i doreasc\u0103 un alt ciclu politic, mai ales \u00een acest moment c\u00e2nd \u021bara are nevoie de stabilitate\u201d, a transmis Osmani, \u00eentr-o declara\u021bie citat\u0103 de <span><a href=\"https:\/\/www.reuters.com\/world\/kosovo-president-dissolves-parliament-calls-snap-election-after-failed-2026-03-06\/\">Reuters<\/a><\/span>.&nbsp;<\/span><\/p>\n<p id=\"p-3\"><span>\u0218efa statului urmeaz\u0103 s\u0103 se consulte vineri cu partidele politice pentru a alege data alegerilor anticipate.&nbsp;<\/span><\/p>\n<p id=\"p-4\"><span>Viitoarele alegeri vor fi al treilea scrutin organizat \u00een pu\u021bin peste un an. Kosovo a organizat deja un alt vot anticipat pe 28 decembrie, dup\u0103 ce parlamentul format \u00een urma alegerilor din februarie 2025 nu a reu\u0219it s\u0103 formeze un guvern.&nbsp;<\/span><\/p>\n<p id=\"p-5\"><span>De\u0219i partidul Autodeterminare (VV), condus de premierul Albin Kurti a c\u00e2\u0219tigat categoric alegerile din luna decembrie a anului trecut \u0219i a reu\u0219it s\u0103 adune suficiente mandate pentru formarea guvernului, forma\u021biunea nu a reu\u0219it s\u0103 ob\u021bin\u0103 sprijinul opozi\u021biei necesar pentru alegerea pre\u0219edintelui, \u00eentruc\u00e2t, \u00een ciuda cerin\u021belor opozi\u021biei, VV l-a nominalizat pe Glauk Konjufca, ministrul de Externe.&nbsp;<\/span><\/p>\n","protected":false},"excerpt":{"rendered":"<p>Parlamentul avea termen p\u00e2n\u0103 joi la miezul nop\u021bii pentru a alege un nou pre\u0219edinte \u00eenainte de expirarea mandatului lui Osmani, \u00eens\u0103&nbsp; partidele aflate \u00een opozi\u021bie au refuzat s\u0103 participe la &hellip; <a href=\"https:\/\/microscopemedia.com\/?p=680335\" class=\"more-link\">Read More<\/a><\/p>\n","protected":false},"author":1,"featured_media":680336,"comment_status":"closed","ping_status":"closed","sticky":false,"template":"Default","format":"standard","meta":[],"categories":[1],"tags":[],"_links":{"self":[{"href":"https:\/\/microscopemedia.com\/index.php?rest_route=\/wp\/v2\/posts\/680335"}],"collection":[{"href":"https:\/\/microscopemedia.com\/index.php?rest_route=\/wp\/v2\/posts"}],"about":[{"href":"https:\/\/microscopemedia.com\/index.php?rest_route=\/wp\/v2\/types\/post"}],"author":[{"embeddable":true,"href":"https:\/\/microscopemedia.com\/index.php?rest_route=\/wp\/v2\/users\/1"}],"replies":[{"embeddable":true,"href":"https:\/\/microscopemedia.com\/index.php?rest_route=%2Fwp%2Fv2%2Fcomments&post=680335"}],"version-history":[{"count":0,"href":"https:\/\/microscopemedia.com\/index.php?rest_route=\/wp\/v2\/posts\/680335\/revisions"}],"wp:featuredmedia":[{"embeddable":true,"href":"https:\/\/microscopemedia.com\/index.php?rest_route=\/wp\/v2\/media\/680336"}],"wp:attachment":[{"href":"https:\/\/microscopemedia.com\/index.php?rest_route=%2Fwp%2Fv2%2Fmedia&parent=680335"}],"wp:term":[{"taxonomy":"category","embeddable":true,"href":"https:\/\/microscopemedia.com\/index.php?rest_route=%2Fwp%2Fv2%2Fcategories&post=680335"},{"taxonomy":"post_tag","embeddable":true,"href":"https:\/\/microscopemedia.com\/index.php?rest_route=%2Fwp%2Fv2%2Ftags&post=680335"}],"curies":[{"name":"wp","href":"https:\/\/api.w.org\/{rel}","templated":true}]}}