{"id":680341,"date":"2026-03-06T10:26:03","date_gmt":"2026-03-06T10:26:03","guid":{"rendered":"https:\/\/microscopemedia.com\/?p=680341"},"modified":"2026-03-06T10:26:03","modified_gmt":"2026-03-06T10:26:03","slug":"bolojan-discutie-cu-presedintele-eau-cere-facilitarea-culoarelor-de-zbor-pentru-romanii-plecati","status":"publish","type":"post","link":"https:\/\/microscopemedia.com\/?p=680341","title":{"rendered":"Bolojan, discu\u021bie cu pre\u0219edintele EAU: cere facilitarea culoarelor de zbor pentru rom\u00e2nii pleca\u021bi"},"content":{"rendered":"<div><img decoding=\"async\" src=\"https:\/\/microscopemedia.com\/wp-content\/uploads\/2026\/03\/bolojan-discutie-cu-presedintele-eau-cere-facilitarea-culoarelor-de-zbor-pentru-romanii-plecati.jpg\" class=\"ff-og-image-inserted\"><\/div>\n<p id=\"p-0\">Convorbirea dintre Ilie Bolojan \u0219i Alte\u021ba Sa \u0218eicul Mohamed bin Zayed Al Nahyan a avut loc \u00een spiritul rela\u021biei de prietenie \u0219i cooperare dintre Rom\u00e2nia \u0219i Emiratele Arabe Unite.<\/p>\n<p id=\"p-1\">Bolojan \u0219i-a exprimat deplina solidaritate cu poporul emirian \u00een contextul actualelor evolu\u021bii de securitate din Orientul Mijlociu care au afectat \u0219i Emiratele Arabe Unite. Acesta a transmis un mesaj de sus\u021binere \u0219i a urat putere \u0219i rezilien\u021b\u0103 pentru dep\u0103\u0219irea acestor momente dificile.<\/p>\n<p id=\"p-2\">Totodat\u0103, prim-ministrul a mul\u021bumit personal AS \u0218eicul Mohamed bin Zayed Al Nahyan \u0219i autorit\u0103\u021bilor pentru sprijinul acordat cet\u0103\u021benilor rom\u00e2ni care locuiesc, muncesc sau se afl\u0103 ca turi\u0219ti \u00een Emiratele Arabe Unite.<\/p>\n<p id=\"p-3\">Premierul Ilie Bolojan a solicitat sprijinul Emiratelor Arabe Unite pentru facilitarea culoarelor de zbor necesare oper\u0103rii companiilor aeriene rom\u00e2ne\u0219ti, astfel \u00eenc\u00e2t cet\u0103\u021benii rom\u00e2ni s\u0103 poat\u0103 reveni \u00een siguran\u021b\u0103 acas\u0103.<\/p>\n<p id=\"p-4\">Cei doi lideri au convenit s\u0103 continue cooperarea \u0219i coordonarea pentru identificarea celor mai bune solu\u021bii \u00een sprijinul cet\u0103\u021benilor rom\u00e2ni afla\u021bi \u00een regiune.<\/p>\n","protected":false},"excerpt":{"rendered":"<p>Convorbirea dintre Ilie Bolojan \u0219i Alte\u021ba Sa \u0218eicul Mohamed bin Zayed Al Nahyan a avut loc \u00een spiritul rela\u021biei de prietenie \u0219i cooperare dintre Rom\u00e2nia \u0219i Emiratele Arabe Unite. Bolojan &hellip; <a href=\"https:\/\/microscopemedia.com\/?p=680341\" class=\"more-link\">Read More<\/a><\/p>\n","protected":false},"author":1,"featured_media":680342,"comment_status":"closed","ping_status":"closed","sticky":false,"template":"Default","format":"standard","meta":[],"categories":[1],"tags":[],"_links":{"self":[{"href":"https:\/\/microscopemedia.com\/index.php?rest_route=\/wp\/v2\/posts\/680341"}],"collection":[{"href":"https:\/\/microscopemedia.com\/index.php?rest_route=\/wp\/v2\/posts"}],"about":[{"href":"https:\/\/microscopemedia.com\/index.php?rest_route=\/wp\/v2\/types\/post"}],"author":[{"embeddable":true,"href":"https:\/\/microscopemedia.com\/index.php?rest_route=\/wp\/v2\/users\/1"}],"replies":[{"embeddable":true,"href":"https:\/\/microscopemedia.com\/index.php?rest_route=%2Fwp%2Fv2%2Fcomments&post=680341"}],"version-history":[{"count":0,"href":"https:\/\/microscopemedia.com\/index.php?rest_route=\/wp\/v2\/posts\/680341\/revisions"}],"wp:featuredmedia":[{"embeddable":true,"href":"https:\/\/microscopemedia.com\/index.php?rest_route=\/wp\/v2\/media\/680342"}],"wp:attachment":[{"href":"https:\/\/microscopemedia.com\/index.php?rest_route=%2Fwp%2Fv2%2Fmedia&parent=680341"}],"wp:term":[{"taxonomy":"category","embeddable":true,"href":"https:\/\/microscopemedia.com\/index.php?rest_route=%2Fwp%2Fv2%2Fcategories&post=680341"},{"taxonomy":"post_tag","embeddable":true,"href":"https:\/\/microscopemedia.com\/index.php?rest_route=%2Fwp%2Fv2%2Ftags&post=680341"}],"curies":[{"name":"wp","href":"https:\/\/api.w.org\/{rel}","templated":true}]}}