{"id":680347,"date":"2026-03-06T10:56:03","date_gmt":"2026-03-06T10:56:03","guid":{"rendered":"https:\/\/microscopemedia.com\/?p=680347"},"modified":"2026-03-06T10:56:03","modified_gmt":"2026-03-06T10:56:03","slug":"cinci-state-ue-vor-sa-construiasca-centre-pentru-migranti-in-afara-europei","status":"publish","type":"post","link":"https:\/\/microscopemedia.com\/?p=680347","title":{"rendered":"Cinci state UE vor s\u0103 construiasc\u0103 centre pentru migran\u021bi \u00een afara Europei"},"content":{"rendered":"<div><img decoding=\"async\" src=\"https:\/\/microscopemedia.com\/wp-content\/uploads\/2026\/03\/cinci-state-ue-vor-sa-construiasca-centre-pentru-migranti-in-afara-europei.webp\" class=\"ff-og-image-inserted\"><\/div>\n<p id=\"p-0\">Planul celor cinci state prevede crearea unor facilit\u0103\u021bi \u00een afara teritoriului UE. Acolo vor fi g\u0103zdui\u021bi migran\u021bii care au primit decizii de returnare, p\u00e2n\u0103 la repatrierea lor \u00een \u021b\u0103rile de origine. Mini\u0219trii de interne ai celor cinci state au discutat proiectul la Bruxelles, \u00een cadrul unei reuniuni europene, la care a participat \u0219i comisarul european pentru Afaceri Interne \u0219i Migra\u021bie, Magnus Brunner, arat\u0103 <a href=\"https:\/\/www.euronews.com\/my-europe\/2026\/03\/06\/five-eu-countries-team-up-to-build-return-hubs-outside-europe\" target=\"_blank\" rel=\"noopener\">Euronews<\/a>.<\/p>\n<p id=\"p-1\">Potrivit oficialilor europeni, repatrierile reprezint\u0103 o parte esen\u021bial\u0103 a unui sistem func\u021bional de gestionare a migra\u021biei. Statele membre caut\u0103 solu\u021bii noi pentru a cre\u0219te eficien\u021ba acestor proceduri.<\/p>\n<h2 id=\"chapter-0\">Mai pu\u021bin de o treime dintre migran\u021bi sunt repatria\u021bi<\/h2>\n<p id=\"p-2\">Datele Eurostat arat\u0103 c\u0103 mai pu\u021bin de o treime dintre persoanele c\u0103rora li se cere s\u0103 p\u0103r\u0103seasc\u0103 Uniunea European\u0103 sunt efectiv returnate \u00een \u021b\u0103rile de origine. \u00cen acest context, coali\u021bia format\u0103 din Germania, Olanda, Austria, Danemarca \u0219i Grecia dore\u0219te s\u0103 accelereze implementarea centrelor externe \u0219i s\u0103 demonstreze c\u0103 modelul poate func\u021biona \u00een practic\u0103.<\/p>\n<p id=\"p-3\">Noua reglementare european\u0103, convenit\u0103 de statele membre \u00een decembrie, ar permite guvernelor s\u0103 trimit\u0103 migran\u021bii respin\u0219i \u00een state ter\u021be, pe baza unor acorduri bilaterale. Diploma\u021bi europeni spun c\u0103 statele implicate analizeaz\u0103 deja posibile \u021b\u0103ri care ar putea g\u0103zdui aceste centre. Deocamdat\u0103 numele lor nu sunt f\u0103cute publice pentru a evita blocarea negocierilor.<\/p>\n<p id=\"p-4\">\u00cen schimbul g\u0103zduirii centrelor, \u021b\u0103rile respective ar urma s\u0103 primeasc\u0103 stimulente economice sau politice. Grecia, singura \u021bar\u0103 din sudul Europei implicat\u0103 \u00een ini\u021biativ\u0103, consider\u0103 c\u0103 proiectul ar putea avea \u0219i un efect de descurajare a migra\u021biei ilegale.<\/p>\n<h2 id=\"chapter-1\">Un proiect controversat<\/h2>\n<p id=\"p-5\">Ideea centrelor de deportare \u00een afara Uniunii Europene este intens criticat\u0103 de organiza\u021biile pentru drepturile omului. ONG-urile avertizeaz\u0103 c\u0103 astfel de facilit\u0103\u021bi ar putea transforma migran\u021bii \u00een persoane re\u021binute pe termen lung \u00een condi\u021bii asem\u0103n\u0103toare deten\u021biei. Astfel, ar ap\u0103rea riscul unor <a href=\"https:\/\/www.mediafax.ro\/externe\/soc-in-marea-britanie-un-partid-propune-infiintarea-unei-structuri-asemanatoare-ice-care-va-expulza-300-000-de-oameni-anual-23691184\" target=\"_blank\" rel=\"noopener\">\u00eenc\u0103lc\u0103ri grave ale drepturilor fundamentale<\/a>.<\/p>\n<p id=\"p-6\">Propunerea legislativ\u0103 urmeaz\u0103 s\u0103 fie analizat\u0103 de Parlamentul European. Dac\u0103 va fi aprobat\u0103, vor \u00eencepe negocierile finale cu statele membre pentru implementarea proiectului.<\/p>\n","protected":false},"excerpt":{"rendered":"<p>Planul celor cinci state prevede crearea unor facilit\u0103\u021bi \u00een afara teritoriului UE. Acolo vor fi g\u0103zdui\u021bi migran\u021bii care au primit decizii de returnare, p\u00e2n\u0103 la repatrierea lor \u00een \u021b\u0103rile de &hellip; <a href=\"https:\/\/microscopemedia.com\/?p=680347\" class=\"more-link\">Read More<\/a><\/p>\n","protected":false},"author":1,"featured_media":680348,"comment_status":"closed","ping_status":"closed","sticky":false,"template":"Default","format":"standard","meta":[],"categories":[1],"tags":[],"_links":{"self":[{"href":"https:\/\/microscopemedia.com\/index.php?rest_route=\/wp\/v2\/posts\/680347"}],"collection":[{"href":"https:\/\/microscopemedia.com\/index.php?rest_route=\/wp\/v2\/posts"}],"about":[{"href":"https:\/\/microscopemedia.com\/index.php?rest_route=\/wp\/v2\/types\/post"}],"author":[{"embeddable":true,"href":"https:\/\/microscopemedia.com\/index.php?rest_route=\/wp\/v2\/users\/1"}],"replies":[{"embeddable":true,"href":"https:\/\/microscopemedia.com\/index.php?rest_route=%2Fwp%2Fv2%2Fcomments&post=680347"}],"version-history":[{"count":0,"href":"https:\/\/microscopemedia.com\/index.php?rest_route=\/wp\/v2\/posts\/680347\/revisions"}],"wp:featuredmedia":[{"embeddable":true,"href":"https:\/\/microscopemedia.com\/index.php?rest_route=\/wp\/v2\/media\/680348"}],"wp:attachment":[{"href":"https:\/\/microscopemedia.com\/index.php?rest_route=%2Fwp%2Fv2%2Fmedia&parent=680347"}],"wp:term":[{"taxonomy":"category","embeddable":true,"href":"https:\/\/microscopemedia.com\/index.php?rest_route=%2Fwp%2Fv2%2Fcategories&post=680347"},{"taxonomy":"post_tag","embeddable":true,"href":"https:\/\/microscopemedia.com\/index.php?rest_route=%2Fwp%2Fv2%2Ftags&post=680347"}],"curies":[{"name":"wp","href":"https:\/\/api.w.org\/{rel}","templated":true}]}}