{"id":680349,"date":"2026-03-06T11:06:04","date_gmt":"2026-03-06T11:06:04","guid":{"rendered":"https:\/\/microscopemedia.com\/?p=680349"},"modified":"2026-03-06T11:06:04","modified_gmt":"2026-03-06T11:06:04","slug":"azerbaidjanul-isi-retrage-diplomatii-din-iran-dupa-atacul-aerian-care-a-ranit-patru-oameni","status":"publish","type":"post","link":"https:\/\/microscopemedia.com\/?p=680349","title":{"rendered":"Azerbaidjanul \u00ee\u0219i retrage diploma\u021bii din Iran, dup\u0103 atacul aerian care a r\u0103nit patru oameni"},"content":{"rendered":"<div><img decoding=\"async\" src=\"https:\/\/microscopemedia.com\/wp-content\/uploads\/2026\/03\/azerbaidjanul-isi-retrage-diplomatii-din-iran-dupa-atacul-aerian-care-a-ranit-patru-oameni.jpg\" class=\"ff-og-image-inserted\"><\/div>\n<p id=\"p-0\">Declara\u021bia sa vine la o zi dup\u0103 ce Azerbaidjanul a anun\u021bat c\u0103 patru drone iraniene au trecut grani\u021ba \u0219i au r\u0103nit patru persoane \u00een exclava Nakhchivan, care au lovit Aeroportul din regiune, dar \u0219i alte \u021binte.<\/p>\n<p id=\"p-1\">\u00cen cadrul unei conferin\u021be de pres\u0103 sus\u021binute, joi, Bayramov a declarat c\u0103 Azerbaidjanul evacueaz\u0103 angaja\u021bii din ambasada sa din Teheran \u0219i din consulatul general din Tabriz, \u00een nord-vestul Iranului.<\/p>\n<p id=\"p-2\">\u201eNu putem pune \u00een pericol vie\u021bile oamenilor no\u0219tri\u201d, a afirmat el.<\/p>\n<p id=\"p-3\">Reamintim c\u0103 atacurile au fost clasificate de pre\u0219edintele azer, <a href=\"https:\/\/www.mediafax.ro\/externe\/iranul-neaga-ca-ar-fi-lansat-atacul-cu-drone-asupra-azerbaidjanului-presedintele-azer-declara-ca-a-fost-un-atac-terorist-23697887\" target=\"_blank\" rel=\"noopener\">Ilham Aliyev,<\/a> drept \u201eatacuri teroriste\u201d. For\u021bele Armate azere au fost puse \u00een stare de alert\u0103 maxim\u0103, potrivit pre\u0219edintelui, care a precizat c\u0103 Teheranul trebuie s\u0103 r\u0103spund\u0103 penal pentru atacurile s\u0103v\u00e2r\u0219ite.<\/p>\n<p id=\"p-4\">Teheranul a negat, \u00eens\u0103, responsabilitatea atacurilor, d\u00e2nd vina \u00een schimb pe for\u021bele israeliene pentru acest atac.<\/p>\n<p id=\"p-5\">&nbsp;<\/p>\n","protected":false},"excerpt":{"rendered":"<p>Declara\u021bia sa vine la o zi dup\u0103 ce Azerbaidjanul a anun\u021bat c\u0103 patru drone iraniene au trecut grani\u021ba \u0219i au r\u0103nit patru persoane \u00een exclava Nakhchivan, care au lovit Aeroportul &hellip; <a href=\"https:\/\/microscopemedia.com\/?p=680349\" class=\"more-link\">Read More<\/a><\/p>\n","protected":false},"author":1,"featured_media":680350,"comment_status":"closed","ping_status":"closed","sticky":false,"template":"Default","format":"standard","meta":[],"categories":[1],"tags":[],"_links":{"self":[{"href":"https:\/\/microscopemedia.com\/index.php?rest_route=\/wp\/v2\/posts\/680349"}],"collection":[{"href":"https:\/\/microscopemedia.com\/index.php?rest_route=\/wp\/v2\/posts"}],"about":[{"href":"https:\/\/microscopemedia.com\/index.php?rest_route=\/wp\/v2\/types\/post"}],"author":[{"embeddable":true,"href":"https:\/\/microscopemedia.com\/index.php?rest_route=\/wp\/v2\/users\/1"}],"replies":[{"embeddable":true,"href":"https:\/\/microscopemedia.com\/index.php?rest_route=%2Fwp%2Fv2%2Fcomments&post=680349"}],"version-history":[{"count":0,"href":"https:\/\/microscopemedia.com\/index.php?rest_route=\/wp\/v2\/posts\/680349\/revisions"}],"wp:featuredmedia":[{"embeddable":true,"href":"https:\/\/microscopemedia.com\/index.php?rest_route=\/wp\/v2\/media\/680350"}],"wp:attachment":[{"href":"https:\/\/microscopemedia.com\/index.php?rest_route=%2Fwp%2Fv2%2Fmedia&parent=680349"}],"wp:term":[{"taxonomy":"category","embeddable":true,"href":"https:\/\/microscopemedia.com\/index.php?rest_route=%2Fwp%2Fv2%2Fcategories&post=680349"},{"taxonomy":"post_tag","embeddable":true,"href":"https:\/\/microscopemedia.com\/index.php?rest_route=%2Fwp%2Fv2%2Ftags&post=680349"}],"curies":[{"name":"wp","href":"https:\/\/api.w.org\/{rel}","templated":true}]}}