{"id":680353,"date":"2026-03-06T11:26:03","date_gmt":"2026-03-06T11:26:03","guid":{"rendered":"https:\/\/microscopemedia.com\/?p=680353"},"modified":"2026-03-06T11:26:03","modified_gmt":"2026-03-06T11:26:03","slug":"10-milioane-de-euro-pentru-comunitatile-rurale-prin-cel-mai-mare-proiect-de-incluziune-sociala","status":"publish","type":"post","link":"https:\/\/microscopemedia.com\/?p=680353","title":{"rendered":"10 milioane de euro pentru comunit\u0103\u021bile rurale, prin cel mai mare proiect de incluziune social\u0103"},"content":{"rendered":"<div><img decoding=\"async\" src=\"https:\/\/microscopemedia.com\/wp-content\/uploads\/2026\/03\/10-milioane-de-euro-pentru-comunitatile-rurale-prin-cel-mai-mare-proiect-de-incluziune-sociala.jpg\" class=\"ff-og-image-inserted\"><\/div>\n<p id=\"p-0\">Anun\u021bul a fost f\u0103cut vineri de <a href=\"https:\/\/mmuncii.gov.ro\/avansuri_sci2000\/\" target=\"_blank\" rel=\"noopener\">Ministerul Muncii, Familiei, Tineretului \u0219i Solidarit\u0103\u021bii Sociale<\/a>. Sumele au fost virate pentru a acoperi primele nevoi identificate la nivel local \u0219i pentru a permite demararea serviciilor destinate persoanelor vulnerabile din mediul rural.<\/p>\n<h2 id=\"chapter-0\">Servicii sociale \u00een comunit\u0103\u021bi<\/h2>\n<p id=\"p-1\">Sunt finan\u021bate m\u0103suri pentru integrarea social\u0103 a persoanelor aflate \u00een risc de s\u0103r\u0103cie, sprijinirea accesului la un loc de munc\u0103, reabilitarea locuin\u021belor improprii \u0219i reducerea abandonului \u0219colar.<\/p>\n<p id=\"p-2\">Proiectul prevede acordarea de mas\u0103 cald\u0103 sau sandvi\u0219uri \u00een \u0219coli, rechizite, \u00eembr\u0103c\u0103minte, mobilier \u0219colar sau sprijin educa\u021bional. De asemenea, include ajutor pentru ob\u021binerea actelor de identitate \u0219i facilitarea accesului la servicii medicale.<\/p>\n<p id=\"p-3\">Persoanele v\u00e2rstnice \u0219i cele cu dizabilit\u0103\u021bi vor putea beneficia de adaptarea locuin\u021belor pentru nevoile lor \u0219i de servicii de \u00eengrijire la domiciliu.<\/p>\n<p id=\"p-4\">\u201e\u00cen multe sate din Rom\u00e2nia, vulnerabilitatea nu este o statistic\u0103, ci o realitate de zi cu zi. Sunt copii care risc\u0103 s\u0103 abandoneze \u0219coala, v\u00e2rstnici care tr\u0103iesc singuri \u0219i familii care nu au acces la servicii de baz\u0103. Prin acest proiect, aducem sprijinul mai aproape de oameni: educa\u021bie, s\u0103n\u0103tate \u0219i asisten\u021b\u0103 social\u0103\u201d, a declarat ministrul Muncii, Petre-Florin Manole.<\/p>\n<h2 id=\"chapter-1\">10.000 de speciali\u0219ti pentru sate<\/h2>\n<p id=\"p-5\">\u00cen cadrul proiectului vor fi create echipe comunitare integrate, formate din speciali\u0219ti din domeniile asisten\u021bei sociale, educa\u021biei \u0219i s\u0103n\u0103t\u0103\u021bii.<\/p>\n<p id=\"p-6\">\u201eEchipele comunitare integrate \u2013 10.000 de speciali\u0219ti din asisten\u021b\u0103 social\u0103, educa\u021bie \u0219i s\u0103n\u0103tate \u2013 vor lucra \u00eempreun\u0103 \u00een sprijinul comunit\u0103\u021bilor locale pentru a \u00eembun\u0103t\u0103\u021bi via\u021ba copiilor, tinerilor, v\u00e2rstnicilor \u0219i persoanelor cu dizabilit\u0103\u021bi\u201d, au transmis reprezentan\u021bii Ministerului Muncii.<\/p>\n<h2 id=\"chapter-2\">2.000 de comunit\u0103\u021bi, 450.000 de beneficiari<\/h2>\n<p id=\"p-7\">P\u00e2n\u0103 acum au fost semnate protocoale cu 1.470 de unit\u0103\u021bi administrativ-teritoriale pentru implementarea proiectului la nivel local. Programul urm\u0103re\u0219te dezvoltarea serviciilor comunitare integrate \u00een 2.000 de comunit\u0103\u021bi rurale, reprezent\u00e2nd aproximativ 70% din localit\u0103\u021bile rurale din Rom\u00e2nia, \u0219i sprijinirea a peste 450.000 de persoane aflate \u00een s\u0103r\u0103cie.<\/p>\n<h2 id=\"chapter-3\">Peste 4 miliarde de lei finan\u021bare total\u0103<\/h2>\n<p id=\"p-8\">Valoarea total\u0103 a proiectului este de aproximativ 4,05 miliarde de lei, din care aproximativ 680 de milioane de lei reprezint\u0103 contribu\u021bia Rom\u00e2niei, restul provenind din fonduri europene.<\/p>\n<p id=\"p-9\">\u00cen aceast\u0103 s\u0103pt\u0103m\u00e2n\u0103 au fost virate sume \u00een avans pentru aproximativ 100 de prim\u0103rii, care au semnat contractele de finan\u021bare la finalul anului 2025. Alte aproximativ 300 de contracte urmeaz\u0103 s\u0103 fie semnate \u00een perioada urm\u0103toare pentru comunit\u0103\u021bi rurale din 40 de jude\u021be.<\/p>\n","protected":false},"excerpt":{"rendered":"<p>Anun\u021bul a fost f\u0103cut vineri de Ministerul Muncii, Familiei, Tineretului \u0219i Solidarit\u0103\u021bii Sociale. Sumele au fost virate pentru a acoperi primele nevoi identificate la nivel local \u0219i pentru a permite &hellip; <a href=\"https:\/\/microscopemedia.com\/?p=680353\" class=\"more-link\">Read More<\/a><\/p>\n","protected":false},"author":1,"featured_media":680354,"comment_status":"closed","ping_status":"closed","sticky":false,"template":"Default","format":"standard","meta":[],"categories":[1],"tags":[],"_links":{"self":[{"href":"https:\/\/microscopemedia.com\/index.php?rest_route=\/wp\/v2\/posts\/680353"}],"collection":[{"href":"https:\/\/microscopemedia.com\/index.php?rest_route=\/wp\/v2\/posts"}],"about":[{"href":"https:\/\/microscopemedia.com\/index.php?rest_route=\/wp\/v2\/types\/post"}],"author":[{"embeddable":true,"href":"https:\/\/microscopemedia.com\/index.php?rest_route=\/wp\/v2\/users\/1"}],"replies":[{"embeddable":true,"href":"https:\/\/microscopemedia.com\/index.php?rest_route=%2Fwp%2Fv2%2Fcomments&post=680353"}],"version-history":[{"count":0,"href":"https:\/\/microscopemedia.com\/index.php?rest_route=\/wp\/v2\/posts\/680353\/revisions"}],"wp:featuredmedia":[{"embeddable":true,"href":"https:\/\/microscopemedia.com\/index.php?rest_route=\/wp\/v2\/media\/680354"}],"wp:attachment":[{"href":"https:\/\/microscopemedia.com\/index.php?rest_route=%2Fwp%2Fv2%2Fmedia&parent=680353"}],"wp:term":[{"taxonomy":"category","embeddable":true,"href":"https:\/\/microscopemedia.com\/index.php?rest_route=%2Fwp%2Fv2%2Fcategories&post=680353"},{"taxonomy":"post_tag","embeddable":true,"href":"https:\/\/microscopemedia.com\/index.php?rest_route=%2Fwp%2Fv2%2Ftags&post=680353"}],"curies":[{"name":"wp","href":"https:\/\/api.w.org\/{rel}","templated":true}]}}