{"id":680355,"date":"2026-03-06T11:36:03","date_gmt":"2026-03-06T11:36:03","guid":{"rendered":"https:\/\/microscopemedia.com\/?p=680355"},"modified":"2026-03-06T11:36:03","modified_gmt":"2026-03-06T11:36:03","slug":"judecatorul-csm-claudiu-dragusin-a-fost-o-campanie-impotriva-magistraturii-destabilizarea-nu-s-a-realizat","status":"publish","type":"post","link":"https:\/\/microscopemedia.com\/?p=680355","title":{"rendered":"Judec\u0103torul CSM Claudiu Dr\u0103gu\u0219in: A fost o campanie \u00eempotriva magistraturii. Destabilizarea nu s-a realizat"},"content":{"rendered":"<div><img decoding=\"async\" src=\"https:\/\/microscopemedia.com\/wp-content\/uploads\/2026\/03\/judecatorul-csm-claudiu-dragusin-a-fost-o-campanie-impotriva-magistraturii-destabilizarea-nu-s-a-realizat.jpg\" class=\"ff-og-image-inserted\"><\/div>\n<p id=\"p-0\">\u00centrebat vineri, la emisiunea Off the Record cu Sorina Matei de la Mediafax, despre reforma pensiilor speciale, Claudiu Dr\u0103gu\u0219in a spus: \u201eA fost \u00eentr-adev\u0103r o perioad\u0103 de vreo 8 luni, dac\u0103 le adun\u0103m pe toate, de campanie media agresiv\u0103 \u00eempotriva magistraturii, dar aici a\u0219 include \u0219i factorul politic pentru c\u0103 aceast\u0103 campanie media nu putea s\u0103 aib\u0103 at\u00e2ta sus\u021binere f\u0103r\u0103 interven\u021bia factorului politic\u201d.<\/p>\n<p id=\"p-1\">Acesta spune c\u0103 aceast\u0103 campania a vizat destabilizarea magistraturii.<\/p>\n<p id=\"p-2\">\u201eDac\u0103 s-a rezolvat ceva? Acum eu cred c\u0103 nu s-a rezolvat. O s\u0103 v\u0103 spun de ce. \u00cen analiza, mea toat\u0103 aceast\u0103 campanie a vizat exact ce am afirmat \u0219i \u00een postarea de pe Facebook destabilizarea magistraturii pentru anumite scopuri, dar a fost vizat\u0103 destabilizarea magistraturii. Or, chestiunea asta nu s-a realizat cel pu\u021bin dac\u0103 vorbim despre puterea judec\u0103toreasc\u0103\u201d, a declarat judec\u0103torul CSM.<\/p>\n<p id=\"p-3\">Claudiu Dr\u0103gu\u0219in sus\u021bine c\u0103 s-a realizat o cre\u0219tere a frustr\u0103rii \u00een interiorul magistraturii.<\/p>\n<p id=\"p-4\">Judec\u0103torul spune c\u0103 problema nu a fost sistemul de pensionare, subiect pe care se putea discuta: \u201eNu cred c\u0103 asta a fost principalul obiectiv al campaniei media, ci preg\u0103tirea magistraturii, sc\u0103derea gradului de \u00eencredere \u00een magistratur\u0103 pentru ni\u0219te m\u0103suri probabil care au fost preconizate\u201d.<\/p>\n<p id=\"p-5\">Magistratul sus\u021bine c\u0103 o parte din mediul politic \u201es-a hr\u0103nit foarte bine electoral din toat\u0103 aceast\u0103 campanie\u201d.<\/p>\n<p id=\"p-6\">\u201eS-a realizat o cre\u0219tere a frustr\u0103rii \u00een magistratur\u0103, dar nu neap\u0103rat pentru problema asta tehnic\u0103, ci mai degrab\u0103 pentru modalitatea \u00een care ea a fost impus\u0103. Imaginea, dac\u0103 te extragi \u00een exterior \u0219i e\u0219ti un observator obiectiv, din exterior se vede c\u0103 puterea executiv\u0103, dac\u0103 a avut ceva de f\u0103cut, a impus lucrul \u0103sta f\u0103r\u0103 s\u0103 asculte, f\u0103r\u0103 niciun dialog, f\u0103r\u0103 \u00eempotriva voin\u021bei magistraturii\u201d.<\/p>\n","protected":false},"excerpt":{"rendered":"<p>\u00centrebat vineri, la emisiunea Off the Record cu Sorina Matei de la Mediafax, despre reforma pensiilor speciale, Claudiu Dr\u0103gu\u0219in a spus: \u201eA fost \u00eentr-adev\u0103r o perioad\u0103 de vreo 8 luni, &hellip; <a href=\"https:\/\/microscopemedia.com\/?p=680355\" class=\"more-link\">Read More<\/a><\/p>\n","protected":false},"author":1,"featured_media":680356,"comment_status":"closed","ping_status":"closed","sticky":false,"template":"Default","format":"standard","meta":[],"categories":[1],"tags":[],"_links":{"self":[{"href":"https:\/\/microscopemedia.com\/index.php?rest_route=\/wp\/v2\/posts\/680355"}],"collection":[{"href":"https:\/\/microscopemedia.com\/index.php?rest_route=\/wp\/v2\/posts"}],"about":[{"href":"https:\/\/microscopemedia.com\/index.php?rest_route=\/wp\/v2\/types\/post"}],"author":[{"embeddable":true,"href":"https:\/\/microscopemedia.com\/index.php?rest_route=\/wp\/v2\/users\/1"}],"replies":[{"embeddable":true,"href":"https:\/\/microscopemedia.com\/index.php?rest_route=%2Fwp%2Fv2%2Fcomments&post=680355"}],"version-history":[{"count":0,"href":"https:\/\/microscopemedia.com\/index.php?rest_route=\/wp\/v2\/posts\/680355\/revisions"}],"wp:featuredmedia":[{"embeddable":true,"href":"https:\/\/microscopemedia.com\/index.php?rest_route=\/wp\/v2\/media\/680356"}],"wp:attachment":[{"href":"https:\/\/microscopemedia.com\/index.php?rest_route=%2Fwp%2Fv2%2Fmedia&parent=680355"}],"wp:term":[{"taxonomy":"category","embeddable":true,"href":"https:\/\/microscopemedia.com\/index.php?rest_route=%2Fwp%2Fv2%2Fcategories&post=680355"},{"taxonomy":"post_tag","embeddable":true,"href":"https:\/\/microscopemedia.com\/index.php?rest_route=%2Fwp%2Fv2%2Ftags&post=680355"}],"curies":[{"name":"wp","href":"https:\/\/api.w.org\/{rel}","templated":true}]}}