{"id":680357,"date":"2026-03-06T11:46:04","date_gmt":"2026-03-06T11:46:04","guid":{"rendered":"https:\/\/microscopemedia.com\/?p=680357"},"modified":"2026-03-06T11:46:04","modified_gmt":"2026-03-06T11:46:04","slug":"uefa-sanctioneaza-clubul-real-madrid-dupa-un-salut-nazist-al-unui-fan-la-meciul-cu-benfica","status":"publish","type":"post","link":"https:\/\/microscopemedia.com\/?p=680357","title":{"rendered":"UEFA sanc\u021bioneaz\u0103 clubul Real Madrid, dup\u0103 un salut nazist al unui fan la meciul cu Benfica"},"content":{"rendered":"<div><img decoding=\"async\" src=\"https:\/\/microscopemedia.com\/wp-content\/uploads\/2026\/03\/uefa-sanctioneaza-clubul-real-madrid-dupa-un-salut-nazist-al-unui-fan-la-meciul-cu-benfica.jpg\" class=\"ff-og-image-inserted\"><\/div>\n<p id=\"p-0\">Clubul spaniol a declarat c\u0103 fanul a fost expulzat imediat de c\u0103tre firma de securitate a stadionului \u0219i a condamnat ferm gestul. UEFA a <a href=\"https:\/\/disciplinary.uefa.com\/02a3-201460e3ad48-0c860e6693df-1000\/\" target=\"_blank\" rel=\"noopener\">sanc\u021bionat<\/a> clubul cu 15.000 de euro \u0219i a ordonat \u00eenchiderea a 500 de locuri \u00een tribuna sud la urm\u0103torul meci european jucat acas\u0103, pedeaps\u0103 care r\u0103m\u00e2ne suspendat\u0103 timp de un an.<\/p>\n<p id=\"p-1\">Incidentul a venit \u00eentr-un context tensionat, dup\u0103 ce atacantul brazilian al Realului, Vinicius Junior, a f\u0103cut acuza\u021bii de abuz rasial \u00eempotriva lui Gianluca Prestianni \u00een prima man\u0219\u0103 a dublei.<\/p>\n<p id=\"p-2\">Prestianni a lipsit din partida retur ca urmare a unei suspend\u0103ri provizorii de un meci \u0219i risc\u0103 sanc\u021biuni suplimentare \u00een urma anchetei complete a UEFA.<\/p>\n<p id=\"p-3\">Real Madrid a c\u00e2\u0219tigat meciul retur cu 2-1, ob\u021bin\u00e2nd victoria general\u0103 cu 3-1, Vinicius Junior marc\u00e2nd golul victoriei.<\/p>\n<p id=\"p-4\">Echipa spaniol\u0103 se va confrunta cu Manchester City \u00een optimile Ligii Campionilor.<\/p>\n","protected":false},"excerpt":{"rendered":"<p>Clubul spaniol a declarat c\u0103 fanul a fost expulzat imediat de c\u0103tre firma de securitate a stadionului \u0219i a condamnat ferm gestul. UEFA a sanc\u021bionat clubul cu 15.000 de euro &hellip; <a href=\"https:\/\/microscopemedia.com\/?p=680357\" class=\"more-link\">Read More<\/a><\/p>\n","protected":false},"author":1,"featured_media":680358,"comment_status":"closed","ping_status":"closed","sticky":false,"template":"Default","format":"standard","meta":[],"categories":[1],"tags":[],"_links":{"self":[{"href":"https:\/\/microscopemedia.com\/index.php?rest_route=\/wp\/v2\/posts\/680357"}],"collection":[{"href":"https:\/\/microscopemedia.com\/index.php?rest_route=\/wp\/v2\/posts"}],"about":[{"href":"https:\/\/microscopemedia.com\/index.php?rest_route=\/wp\/v2\/types\/post"}],"author":[{"embeddable":true,"href":"https:\/\/microscopemedia.com\/index.php?rest_route=\/wp\/v2\/users\/1"}],"replies":[{"embeddable":true,"href":"https:\/\/microscopemedia.com\/index.php?rest_route=%2Fwp%2Fv2%2Fcomments&post=680357"}],"version-history":[{"count":0,"href":"https:\/\/microscopemedia.com\/index.php?rest_route=\/wp\/v2\/posts\/680357\/revisions"}],"wp:featuredmedia":[{"embeddable":true,"href":"https:\/\/microscopemedia.com\/index.php?rest_route=\/wp\/v2\/media\/680358"}],"wp:attachment":[{"href":"https:\/\/microscopemedia.com\/index.php?rest_route=%2Fwp%2Fv2%2Fmedia&parent=680357"}],"wp:term":[{"taxonomy":"category","embeddable":true,"href":"https:\/\/microscopemedia.com\/index.php?rest_route=%2Fwp%2Fv2%2Fcategories&post=680357"},{"taxonomy":"post_tag","embeddable":true,"href":"https:\/\/microscopemedia.com\/index.php?rest_route=%2Fwp%2Fv2%2Ftags&post=680357"}],"curies":[{"name":"wp","href":"https:\/\/api.w.org\/{rel}","templated":true}]}}