{"id":680359,"date":"2026-03-06T11:56:03","date_gmt":"2026-03-06T11:56:03","guid":{"rendered":"https:\/\/microscopemedia.com\/?p=680359"},"modified":"2026-03-06T11:56:03","modified_gmt":"2026-03-06T11:56:03","slug":"membru-csm-despre-pensii-adevarata-problema-este-legata-de-vreo-2-000-de-magistrati","status":"publish","type":"post","link":"https:\/\/microscopemedia.com\/?p=680359","title":{"rendered":"Membru CSM, despre pensii: Adev\u0103rata problem\u0103 este legat\u0103 de vreo 2.000 de magistra\u021bi"},"content":{"rendered":"<div><img decoding=\"async\" src=\"https:\/\/microscopemedia.com\/wp-content\/uploads\/2026\/03\/membru-csm-despre-pensii-adevarata-problema-este-legata-de-vreo-2-000-de-magistrati.png\" class=\"ff-og-image-inserted\"><\/div>\n<p id=\"p-0\">Dr\u0103gu\u0219in a declarat la Off The Record, la MEDIAFAX, c\u0103 \u201es-a terminat cu pensiile este doar un fel de a spune\u201d pentru c\u0103 se vor mai pensiona judec\u0103tori sau procurori \u00een perioada urm\u0103toare la v\u00e2rste de 52-53 de ani.<\/p>\n<p id=\"p-1\">\u201eProblema nu era v\u00e2rsta de pensionare. Exist\u0103 o perioad\u0103 de tranzi\u021bie \u0219i \u00eenainte. Exist\u0103 \u0219i acum, e un pic diminuat\u0103. Nu asta era problema. Erau corectate ni\u0219te probleme ale legii. Problema este legat\u0103 de vreo 2.000 de magistra\u021bi, din cei 7.000 cu totul, care se afl\u0103 la mijlocul profesiei lor \u00een magistratur\u0103. Pentru c\u0103 ei sunt relativ apropia\u021bi de v\u00e2rsta de pensionare \u0219i lor li se creeaz\u0103 o frustrare \u0219i eu pot s\u0103 o \u00een\u021beleg omene\u0219te\u201d, spune Dr\u0103gu\u0219in.<\/p>\n<p id=\"p-2\">Judec\u0103torul afirm\u0103 c\u0103 \u00een magistratur\u0103 oamenii nu pleac\u0103 la pensie \u201epentru c\u0103 a\u0219a vor, la 50 de ani, s\u0103 se duc\u0103 \u00een Maldive \u0219i s\u0103 stea relaxa\u021bi la plaj\u0103\u201d, ci din cauza volumului de activitate care \u201eeste insuportabil\u201d.<\/p>\n<p id=\"p-3\">\u201e\u0218i asta e \u0219i vina noastr\u0103 a CSM-ului ca institu\u021bie, nu neap\u0103rat a actualei structuri, ci a tuturor CSM-urilor c\u0103 n-au avut lucrul \u0103sta \u00een aten\u021bie. Oamenii v\u0103d pensionarea ca pe o modalitate de a sc\u0103pa\u2026\u201d, explic\u0103 magistratul.<\/p>\n<p id=\"p-4\">Potrivit lui Claudiu Dr\u0103gu\u0219in un judec\u0103tor intr\u0103 \u00eentr-un \u201eritm absolut infernal\u201d, din care dac\u0103 te \u00eemboln\u0103ve\u0219ti trei zile \u0219i a pierdut ritmul i se decaleaz\u0103 toate lucr\u0103rile.<\/p>\n<p id=\"p-5\">El afirm\u0103 c\u0103 Eu \u0219tiu ce zice\u021bi, dar eu cunosc oameni care s-au pensionat ca s\u0103 plec\u0103 \u00een Maldive, de\u0219i mai sunt cazuri \u0219i de acest fel, \u00eens\u0103 nu trebuie tratate ca fiind relevante ca num\u0103r.<\/p>\n<p id=\"p-6\">&nbsp;<\/p>\n","protected":false},"excerpt":{"rendered":"<p>Dr\u0103gu\u0219in a declarat la Off The Record, la MEDIAFAX, c\u0103 \u201es-a terminat cu pensiile este doar un fel de a spune\u201d pentru c\u0103 se vor mai pensiona judec\u0103tori sau procurori &hellip; <a href=\"https:\/\/microscopemedia.com\/?p=680359\" class=\"more-link\">Read More<\/a><\/p>\n","protected":false},"author":1,"featured_media":680360,"comment_status":"closed","ping_status":"closed","sticky":false,"template":"Default","format":"standard","meta":[],"categories":[1],"tags":[],"_links":{"self":[{"href":"https:\/\/microscopemedia.com\/index.php?rest_route=\/wp\/v2\/posts\/680359"}],"collection":[{"href":"https:\/\/microscopemedia.com\/index.php?rest_route=\/wp\/v2\/posts"}],"about":[{"href":"https:\/\/microscopemedia.com\/index.php?rest_route=\/wp\/v2\/types\/post"}],"author":[{"embeddable":true,"href":"https:\/\/microscopemedia.com\/index.php?rest_route=\/wp\/v2\/users\/1"}],"replies":[{"embeddable":true,"href":"https:\/\/microscopemedia.com\/index.php?rest_route=%2Fwp%2Fv2%2Fcomments&post=680359"}],"version-history":[{"count":0,"href":"https:\/\/microscopemedia.com\/index.php?rest_route=\/wp\/v2\/posts\/680359\/revisions"}],"wp:featuredmedia":[{"embeddable":true,"href":"https:\/\/microscopemedia.com\/index.php?rest_route=\/wp\/v2\/media\/680360"}],"wp:attachment":[{"href":"https:\/\/microscopemedia.com\/index.php?rest_route=%2Fwp%2Fv2%2Fmedia&parent=680359"}],"wp:term":[{"taxonomy":"category","embeddable":true,"href":"https:\/\/microscopemedia.com\/index.php?rest_route=%2Fwp%2Fv2%2Fcategories&post=680359"},{"taxonomy":"post_tag","embeddable":true,"href":"https:\/\/microscopemedia.com\/index.php?rest_route=%2Fwp%2Fv2%2Ftags&post=680359"}],"curies":[{"name":"wp","href":"https:\/\/api.w.org\/{rel}","templated":true}]}}