{"id":680363,"date":"2026-03-06T12:16:04","date_gmt":"2026-03-06T12:16:04","guid":{"rendered":"https:\/\/microscopemedia.com\/?p=680363"},"modified":"2026-03-06T12:16:04","modified_gmt":"2026-03-06T12:16:04","slug":"un-judecator-csm-face-praf-referendumul-lui-nicusor-dan-nu-are-niciun-suport-legal-constitutional","status":"publish","type":"post","link":"https:\/\/microscopemedia.com\/?p=680363","title":{"rendered":"Un judec\u0103tor CSM face praf referendumul lui Nicu\u0219or Dan: nu are niciun suport legal, constitu\u021bional"},"content":{"rendered":"<div><img decoding=\"async\" src=\"https:\/\/microscopemedia.com\/wp-content\/uploads\/2026\/03\/un-judecator-csm-face-praf-referendumul-lui-nicusor-dan-nu-are-niciun-suport-legal-constitutional.jpg\" class=\"ff-og-image-inserted\"><\/div>\n<p id=\"p-0\">Claudiu Dr\u0103gu\u0219in spune, vineri, c\u0103 nu va participa la referendumul pe justi\u021bie anun\u021bat de pre\u0219edintele Nicu\u0219or Dan.<\/p>\n<p id=\"p-1\">\u201eChestiunea cu referendumul trebuie analizat\u0103 pe multiple paliere. O dat\u0103 c\u0103 nu are niciun suport legal, constitu\u021bional, cu at\u00e2t mai pu\u021bin. Pe de alt\u0103 parte e (\u2026) a\u0219a o form\u0103 de a \u021bine sub tensiune un sistem. Nu-mi dau seama din ce motive. Poate domnul pre\u0219edinte e interesat s\u0103 \u0219tie exact care e atmosfera \u00een instan\u021be. Dar dac\u0103 vrea s\u0103 \u0219tie care e atmosfera \u00een instan\u021be, noi am pus la dispozi\u021bie dou\u0103 m\u0103sur\u0103tori. Unul f\u0103cut de noi, de CSM, dup\u0103 Recorder (\u2026) pentru c\u0103 am vrut s\u0103 \u00eentreb\u0103m colegii dac\u0103 \u00eentr-adev\u0103r e un asemenea fenomen, dac\u0103 exist\u0103 oameni sco\u0219i din completul de judecat\u0103 f\u0103r\u0103 acord, dac\u0103 se \u00eent\u00e2mpl\u0103 lucrurile de tipul \u0103sta. Noi am f\u0103cut o consultare, au r\u0103spuns vreo 2.700, cred, de judec\u0103tori \u0219i fenomenul \u0103sta a fost infirmat. A fost un singur coleg sub anonimat care a spus c\u0103 a fost mutat de pe complet \u0219i c\u0103 percep\u021bia domniei tale ar fi fost \u00een leg\u0103tur\u0103 cu prescrip\u021bia. Dar un coleg din 2.500\u2026 Noi am pus datele astea la dispozi\u021bie a domnului pre\u0219edinte \u0219i am mai pus ni\u0219te m\u0103sur\u0103tori europene din martie, \u00eenainte de \u00eenceperea \u00eentregului discurs cu pensiile \u0219i a\u0219a mai departe. O m\u0103sur\u0103toare european\u0103 f\u0103cut\u0103 pe, cred c\u0103, 1.600 de judec\u0103tori. At\u00e2t au r\u0103spuns din Rom\u00e2nia, dar am fost a treia \u021bar\u0103 ca num\u0103r de judec\u0103tori din Europa \u0219i acolo la fel sunt tratate toate aspectele de la CSM-ul abuziv, la pre\u0219edintele de instan\u021b\u0103 care-\u0219i impune solu\u021bii. \u0218i acolo sunt m\u0103sur\u0103torile f\u0103cute, sunt declara\u021biile colegilor no\u0219tri, dac\u0103 s-au sim\u021bit vreodat\u0103 presa\u021bi de CSM sau de pre\u0219edintele instan\u021bei\u201d, afirm\u0103 Dr\u0103gu\u0219in.<\/p>\n<p id=\"p-2\">Judec\u0103torul declar\u0103 c\u0103 nu \u0219tie ce vor decide colegii s\u0103i magistra\u021bi, \u00eens\u0103 atitudinea sa personal\u0103 o s\u0103 fie c\u0103 nu o s\u0103 r\u0103spund\u0103 la acest referendum: \u201eColegii din instan\u021b\u0103 sunt liberi s\u0103 fac\u0103 ce vor, dar a\u0219 vrea s\u0103 v\u0103 spun, s\u0103 v\u0103 dezv\u0103lui r\u0103spunsul unui coleg de la unul din bilan\u021buri, chiar de zilele trecute am fost la un bilan\u021b \u0219i spunea c\u0103 o s\u0103 r\u0103spund\u0103 la \u00eentreb\u0103rile pentru referendum, la fel cum a r\u0103spuns un pre\u0219edinte la solicitarea de retrimiterea legii pensiilor \u00eenapoi \u00een Parlament\u201d.<\/p>\n<p id=\"p-3\">Potrivit lui Dr\u0103gu\u0219in, \u00een cazul \u00een care sunt colegi nemul\u021bumi\u021bi de activitatea CSM, exist\u0103 o procedur\u0103 de revocare a membrilor CSM, cu mecanisme institu\u021bionale.<\/p>\n<p id=\"p-4\">\u201eDac\u0103 e \u00eengrijorat sau curios de starea de lucruri din instan\u021be, noi putem s\u0103 colabor\u0103m, poate s\u0103 discute cu CSM-ul, poate s\u0103 vin\u0103 la mas\u0103, \u00eei putem trimite m\u0103sur\u0103torile, adic\u0103 exist\u0103 modalit\u0103\u021bi prin care poate s\u0103 \u00ee\u0219i dea seama\u201d, spune Dr\u0103gu\u0219in despre Dan.<\/p>\n<p id=\"p-5\">&nbsp;<\/p>\n","protected":false},"excerpt":{"rendered":"<p>Claudiu Dr\u0103gu\u0219in spune, vineri, c\u0103 nu va participa la referendumul pe justi\u021bie anun\u021bat de pre\u0219edintele Nicu\u0219or Dan. \u201eChestiunea cu referendumul trebuie analizat\u0103 pe multiple paliere. O dat\u0103 c\u0103 nu are &hellip; <a href=\"https:\/\/microscopemedia.com\/?p=680363\" class=\"more-link\">Read More<\/a><\/p>\n","protected":false},"author":1,"featured_media":680364,"comment_status":"closed","ping_status":"closed","sticky":false,"template":"Default","format":"standard","meta":[],"categories":[1],"tags":[],"_links":{"self":[{"href":"https:\/\/microscopemedia.com\/index.php?rest_route=\/wp\/v2\/posts\/680363"}],"collection":[{"href":"https:\/\/microscopemedia.com\/index.php?rest_route=\/wp\/v2\/posts"}],"about":[{"href":"https:\/\/microscopemedia.com\/index.php?rest_route=\/wp\/v2\/types\/post"}],"author":[{"embeddable":true,"href":"https:\/\/microscopemedia.com\/index.php?rest_route=\/wp\/v2\/users\/1"}],"replies":[{"embeddable":true,"href":"https:\/\/microscopemedia.com\/index.php?rest_route=%2Fwp%2Fv2%2Fcomments&post=680363"}],"version-history":[{"count":0,"href":"https:\/\/microscopemedia.com\/index.php?rest_route=\/wp\/v2\/posts\/680363\/revisions"}],"wp:featuredmedia":[{"embeddable":true,"href":"https:\/\/microscopemedia.com\/index.php?rest_route=\/wp\/v2\/media\/680364"}],"wp:attachment":[{"href":"https:\/\/microscopemedia.com\/index.php?rest_route=%2Fwp%2Fv2%2Fmedia&parent=680363"}],"wp:term":[{"taxonomy":"category","embeddable":true,"href":"https:\/\/microscopemedia.com\/index.php?rest_route=%2Fwp%2Fv2%2Fcategories&post=680363"},{"taxonomy":"post_tag","embeddable":true,"href":"https:\/\/microscopemedia.com\/index.php?rest_route=%2Fwp%2Fv2%2Ftags&post=680363"}],"curies":[{"name":"wp","href":"https:\/\/api.w.org\/{rel}","templated":true}]}}