{"id":680365,"date":"2026-03-06T12:26:03","date_gmt":"2026-03-06T12:26:03","guid":{"rendered":"https:\/\/microscopemedia.com\/?p=680365"},"modified":"2026-03-06T12:26:03","modified_gmt":"2026-03-06T12:26:03","slug":"127-de-romani-afectati-de-criza-de-securitate-din-orientul-mijlociu-se-intorc-cu-un-zbor-de-evacuare","status":"publish","type":"post","link":"https:\/\/microscopemedia.com\/?p=680365","title":{"rendered":"127 de rom\u00e2ni afecta\u021bi de criza de securitate din Orientul Mijlociu se \u00eentorc cu un zbor de evacuare"},"content":{"rendered":"<div><img decoding=\"async\" src=\"https:\/\/microscopemedia.com\/wp-content\/uploads\/2026\/03\/127-de-romani-afectati-de-criza-de-securitate-din-orientul-mijlociu-se-intorc-cu-un-zbor-de-evacuare.jpg\" class=\"ff-og-image-inserted\"><\/div>\n<p id=\"p-0\">Ministerul Afacerilor Externe transmite c\u0103 un zbor de evacuare organizat de Rom\u00e2nia prin intermediul Mecanismul de Protec\u021bie Civil\u0103 al Uniunii Europene (UCPM) are loc vineri.<\/p>\n<p id=\"p-1\">Aeronava a decolat de la Muscat (Sultanatul Oman), cu destina\u021bia Bucure\u0219ti, av\u00e2nd la bord 127 de cet\u0103\u021beni rom\u00e2ni afecta\u021bi de criza de securitate din Orientul Mijlociu. Este vorba despre cet\u0103\u021beni afla\u021bi \u00een aten\u021bia consulatului Rom\u00e2niei din Dubai \u0219i a celui din Oman, apar\u021bin\u00e2nd categoriilor prioritare pentru evacuare.<\/p>\n<p id=\"p-2\">Cei 127 de cet\u0103\u021beni rom\u00e2ni au fost contacta\u021bi de echipele consulare pentru a fi inclu\u0219i pe lista de zbor. Dintre ace\u0219tia, 95 sunt minori. Grupurile de \u0219colari avute \u00een eviden\u021b\u0103 (din jud. Neam\u021b, Suceava, Vrancea) au fost preluate cu acest zbor de evacuare.<\/p>\n<p id=\"p-3\">La bordul aeronavei se afl\u0103 \u0219i 39 de cet\u0103\u021beni europeni.<\/p>\n<p id=\"p-4\">MAE precizeaz\u0103 c\u0103 num\u0103rul de locuri alocate cet\u0103\u021benilor rom\u00e2ni \u00een acest zbor a fost complet ocupat.<\/p>\n<p id=\"p-5\">\u00cen baza Mecanismului de Protec\u021bie Civil\u0103 al Uniunii Europene, pentru cet\u0103\u021benii UE din alte state dec\u00e2t Rom\u00e2nia a fost alocat\u0103 30% din capacitatea total\u0103 a aeronavei.<\/p>\n<p id=\"p-6\">Totodat\u0103, joi, \u00een cadrul unei ac\u021biuni de repatriere asistat\u0103, un grup de 16 cet\u0103\u021beni rom\u00e2ni din Regatul Ha\u0219emit al Iordaniei a ajuns \u00een Rom\u00e2nia prin intermediul unui zbor organizat de autorit\u0103\u021bile din Republica Ceh\u0103, \u00een baza Mecanismului de Protec\u021bie Civil\u0103 al Uniunii Europene.<\/p>\n<p id=\"p-7\">Din eviden\u021bele MAE, peste 1.000 de cet\u0103\u021beni rom\u00e2ni au revenit p\u00e2n\u0103 la acest moment cu zboruri de repatriere asistat\u0103, zboruri de evacuare \u00een cadrul Mecanismului European de Protec\u021bie Civil\u0103 \u0219i zboruri comerciale.<\/p>\n<p id=\"p-8\">Celula de Criz\u0103 \u0219i echipele consulare ale MAE din regiune continu\u0103 eforturile pentru repatrieri \u0219i evacu\u0103ri \u0219i au \u00een aten\u021bie categoriile prioritare: copii, persoane cu urgen\u021be medicale, femei \u00eens\u0103rcinate \u0219i familii cu copii mici.<\/p>\n<p id=\"p-9\">Celula de Criz\u0103 a MAE, prin intermediul misiunilor diplomatice \u0219i al oficiilor consulare ale Rom\u00e2niei din regiune, men\u021bine contactul cu cet\u0103\u021benii rom\u00e2ni afecta\u021bi de conflictul din Orientul Mijlociu, precum \u0219i cu autorit\u0103\u021bile statelor din regiune, \u0219i va continua s\u0103 acorde asisten\u021b\u0103 \u0219i protec\u021bie consular\u0103, cu prioritizarea siguran\u021bei cet\u0103\u021benilor rom\u00e2ni, \u00een func\u021bie de evolu\u021bia situa\u021biei de securitate.<\/p>\n<p id=\"p-10\">MAE reitereaz\u0103 recomand\u0103rile adresate cet\u0103\u021benilor rom\u00e2ni \u00een acest context: <a href=\"https:\/\/www.mae.ro\/node\/68212\">https:\/\/www.mae.ro\/node\/68212<\/a>. MAE reitereaz\u0103 importan\u021ba \u00eenregistr\u0103rii pe platforma <a href=\"https:\/\/www.econsulat.ro\/\">https:\/\/www.econsulat.ro\/<\/a>.<\/p>\n<p id=\"p-11\">MAE recomand\u0103 verificarea \u00een mod sistematic a informa\u021biilor transmise de liniile aeriene, at\u00e2t pe site-urile oficiale, c\u00e2t \u0219i prin SMS sau e-mail, \u00een func\u021bie de op\u021biunile selectate \u00een rela\u021bia cu operatorul aerian. De asemenea, cet\u0103\u021benii sunt sf\u0103tui\u021bi s\u0103 verifice dac\u0103 au primit bilete reprogramate pentru zborurile afectate, s\u0103 urm\u0103reasc\u0103 \u00een permanen\u021b\u0103 instruc\u021biunile comunicate de companiile aeriene \u0219i s\u0103 se prezinte la aeroport doar atunci c\u00e2nd sunt anun\u021ba\u021bi \u0219i chema\u021bi de c\u0103tre reprezentan\u021bii liniilor aeriene.<\/p>\n","protected":false},"excerpt":{"rendered":"<p>Ministerul Afacerilor Externe transmite c\u0103 un zbor de evacuare organizat de Rom\u00e2nia prin intermediul Mecanismul de Protec\u021bie Civil\u0103 al Uniunii Europene (UCPM) are loc vineri. Aeronava a decolat de la &hellip; <a href=\"https:\/\/microscopemedia.com\/?p=680365\" class=\"more-link\">Read More<\/a><\/p>\n","protected":false},"author":1,"featured_media":680366,"comment_status":"closed","ping_status":"closed","sticky":false,"template":"Default","format":"standard","meta":[],"categories":[1],"tags":[],"_links":{"self":[{"href":"https:\/\/microscopemedia.com\/index.php?rest_route=\/wp\/v2\/posts\/680365"}],"collection":[{"href":"https:\/\/microscopemedia.com\/index.php?rest_route=\/wp\/v2\/posts"}],"about":[{"href":"https:\/\/microscopemedia.com\/index.php?rest_route=\/wp\/v2\/types\/post"}],"author":[{"embeddable":true,"href":"https:\/\/microscopemedia.com\/index.php?rest_route=\/wp\/v2\/users\/1"}],"replies":[{"embeddable":true,"href":"https:\/\/microscopemedia.com\/index.php?rest_route=%2Fwp%2Fv2%2Fcomments&post=680365"}],"version-history":[{"count":0,"href":"https:\/\/microscopemedia.com\/index.php?rest_route=\/wp\/v2\/posts\/680365\/revisions"}],"wp:featuredmedia":[{"embeddable":true,"href":"https:\/\/microscopemedia.com\/index.php?rest_route=\/wp\/v2\/media\/680366"}],"wp:attachment":[{"href":"https:\/\/microscopemedia.com\/index.php?rest_route=%2Fwp%2Fv2%2Fmedia&parent=680365"}],"wp:term":[{"taxonomy":"category","embeddable":true,"href":"https:\/\/microscopemedia.com\/index.php?rest_route=%2Fwp%2Fv2%2Fcategories&post=680365"},{"taxonomy":"post_tag","embeddable":true,"href":"https:\/\/microscopemedia.com\/index.php?rest_route=%2Fwp%2Fv2%2Ftags&post=680365"}],"curies":[{"name":"wp","href":"https:\/\/api.w.org\/{rel}","templated":true}]}}