{"id":680369,"date":"2026-03-06T12:46:04","date_gmt":"2026-03-06T12:46:04","guid":{"rendered":"https:\/\/microscopemedia.com\/?p=680369"},"modified":"2026-03-06T12:46:04","modified_gmt":"2026-03-06T12:46:04","slug":"laura-pirovano-obtine-prima-victorie-in-cupa-mondiala-de-schi-alpin-aicher-se-apropie-de-vonn-in-clasamentul-general-la-coborare","status":"publish","type":"post","link":"https:\/\/microscopemedia.com\/?p=680369","title":{"rendered":"Laura Pirovano ob\u021bine prima victorie \u00een Cupa Mondial\u0103 de schi alpin. Aicher se apropie de Vonn \u00een clasamentul general la cobor\u00e2re"},"content":{"rendered":"<div><img decoding=\"async\" src=\"https:\/\/microscopemedia.com\/wp-content\/uploads\/2026\/03\/laura-pirovano-obtine-prima-victorie-in-cupa-mondiala-de-schi-alpin-aicher-se-apropie-de-vonn-in-clasamentul-general-la-coborare.jpg\" class=\"ff-og-image-inserted\"><\/div>\n<p id=\"p-0\">Italianca Laura Pirovano, \u00een v\u00e2rst\u0103 de 28 de ani, a profitat de condi\u021biile excelente de pe p\u00e2rtie, stabilind timpul de referin\u021b\u0103 de 1:21.40 minute.<\/p>\n<p id=\"p-1\">Germanca Emma Aicher, medaliat\u0103 cu argint la cobor\u00e2rea olimpic\u0103 de la Milano Cortina 2026, a \u00eencheiat la doar 0,01 secunde \u00een urma italiencei.<\/p>\n<p id=\"p-2\">Breezy Johnson, campioana olimpic\u0103, a fost cea mai rapid\u0103 pe prima parte a traseului, \u00eens\u0103 ritmul mai prudent pe final i-a adus doar locul trei, la +0,29 secunde.<\/p>\n<p id=\"p-3\">Corinne Suter, c\u00e2\u0219tig\u0103toarea etapei de s\u0103pt\u0103m\u00e2na trecut\u0103 de la Soldeu, s-a clasat pe locul opt.<\/p>\n<p id=\"p-4\">Sofia Goggia, tripl\u0103 medaliat\u0103 olimpic\u0103 la Milano Cortina 2026, a \u00eencheiat doar pe locul 17.<\/p>\n<p id=\"p-5\">\u00cen clasamentul disciplinei, Lindsey Vonn, aflat\u0103 \u00een recuperare dup\u0103 accidentarea de la Jocurile Olimpice, conduce \u00een continuare. Emma Aicher, aflat\u0103 pe locul secund, s-a apropiat la 14 puncte. Pirovano ocup\u0103 locul al treilea, la 64 de puncte de prima pozi\u021bie.<\/p>\n<p id=\"p-6\">\u00cen clasamentul general, Aicher ocup\u0103 locul doi, la 139 de puncte \u00een urma liderului Mikaela Shiffrin.<\/p>\n<p id=\"p-7\">Urm\u0103toarea etap\u0103 din Cupa Mondial\u0103 feminin\u0103 are loc s\u00e2mb\u0103t\u0103, pe traseul La Volata, cu proba de Super-G.<\/p>\n","protected":false},"excerpt":{"rendered":"<p>Italianca Laura Pirovano, \u00een v\u00e2rst\u0103 de 28 de ani, a profitat de condi\u021biile excelente de pe p\u00e2rtie, stabilind timpul de referin\u021b\u0103 de 1:21.40 minute. Germanca Emma Aicher, medaliat\u0103 cu argint &hellip; <a href=\"https:\/\/microscopemedia.com\/?p=680369\" class=\"more-link\">Read More<\/a><\/p>\n","protected":false},"author":1,"featured_media":680370,"comment_status":"closed","ping_status":"closed","sticky":false,"template":"Default","format":"standard","meta":[],"categories":[1],"tags":[],"_links":{"self":[{"href":"https:\/\/microscopemedia.com\/index.php?rest_route=\/wp\/v2\/posts\/680369"}],"collection":[{"href":"https:\/\/microscopemedia.com\/index.php?rest_route=\/wp\/v2\/posts"}],"about":[{"href":"https:\/\/microscopemedia.com\/index.php?rest_route=\/wp\/v2\/types\/post"}],"author":[{"embeddable":true,"href":"https:\/\/microscopemedia.com\/index.php?rest_route=\/wp\/v2\/users\/1"}],"replies":[{"embeddable":true,"href":"https:\/\/microscopemedia.com\/index.php?rest_route=%2Fwp%2Fv2%2Fcomments&post=680369"}],"version-history":[{"count":0,"href":"https:\/\/microscopemedia.com\/index.php?rest_route=\/wp\/v2\/posts\/680369\/revisions"}],"wp:featuredmedia":[{"embeddable":true,"href":"https:\/\/microscopemedia.com\/index.php?rest_route=\/wp\/v2\/media\/680370"}],"wp:attachment":[{"href":"https:\/\/microscopemedia.com\/index.php?rest_route=%2Fwp%2Fv2%2Fmedia&parent=680369"}],"wp:term":[{"taxonomy":"category","embeddable":true,"href":"https:\/\/microscopemedia.com\/index.php?rest_route=%2Fwp%2Fv2%2Fcategories&post=680369"},{"taxonomy":"post_tag","embeddable":true,"href":"https:\/\/microscopemedia.com\/index.php?rest_route=%2Fwp%2Fv2%2Ftags&post=680369"}],"curies":[{"name":"wp","href":"https:\/\/api.w.org\/{rel}","templated":true}]}}