{"id":680373,"date":"2026-03-06T13:06:03","date_gmt":"2026-03-06T13:06:03","guid":{"rendered":"https:\/\/microscopemedia.com\/?p=680373"},"modified":"2026-03-06T13:06:03","modified_gmt":"2026-03-06T13:06:03","slug":"doi-tineri-de-16-ani-cercetati-dupa-ce-au-obligat-o-fata-de-13-ani-sa-se-prostitueze","status":"publish","type":"post","link":"https:\/\/microscopemedia.com\/?p=680373","title":{"rendered":"Doi tineri de 16 ani cerceta\u021bi dup\u0103 ce au obligat o fat\u0103 de 13 ani s\u0103 se prostitueze"},"content":{"rendered":"<div><img decoding=\"async\" src=\"https:\/\/microscopemedia.com\/wp-content\/uploads\/2026\/03\/doi-tineri-de-16-ani-cercetati-dupa-ce-au-obligat-o-fata-de-13-ani-sa-se-prostitueze.jpg\" class=\"ff-og-image-inserted\"><\/div>\n<p id=\"p-0\">Potrivit DIICOT, procurorii din Teleorman au dispus re\u021binerea a trei inculpa\u021bi, dintre care doi minori, ambii \u00een v\u00e2rst\u0103 de 16 ani, cerceta\u021bi pentru s\u0103v\u00e2r\u0219irea infrac\u021biunilor de trafic de minori, acces f\u0103r\u0103 drept la un sistem informatic, alterarea integrit\u0103\u021bii datelor informatice \u0219i furt calificat.<\/p>\n<p id=\"p-1\">Din cercet\u0103ri a reie\u0219it c\u0103, \u00een februarie 2026, prin intermediul unei aplica\u021bii de mesagerie online, inculpa\u021bii au recrutat o victim\u0103 minor\u0103, de 13 ani, pe care au transportat-o la locuin\u021ba unuia dintre ei, unde au \u00eentre\u021binut raporturi sexuale cu aceasta. Apoi au dus-o \u0219i \u00een alte zone din apropierea localit\u0103\u021bii localit\u0103\u021bii lor de domiciliu, unde, prin constr\u00e2ngere fizic\u0103 \u015fi amenin\u0163\u0103ri, au determinat-o s\u0103 \u00eentre\u0163in\u0103 acte \u0219i raporturi sexuale contra cost cu mai mul\u021bi b\u0103rba\u021bi.<\/p>\n<p id=\"p-2\">Sumele provenite din activitatea infrac\u021bional\u0103 au fost \u00eencasate de inculpa\u021bi.<\/p>\n<p id=\"p-3\">Ace\u0219tia i-au luat victimei telefonul mobil, iar unul dintre ei l-a resetat, \u015fterg\u00e2nd datele stocate pe acesta, \u0219i ulterior l-au v\u00e2ndut.<\/p>\n<p id=\"p-4\">Judec\u0103torul de drepturi \u0219i libert\u0103\u021bi din cadrul Tribunalului Teleorman a dispus arestarea preventiv\u0103 a inculpa\u021bilor, pentru o perioad\u0103 de 30 zile.<\/p>\n","protected":false},"excerpt":{"rendered":"<p>Potrivit DIICOT, procurorii din Teleorman au dispus re\u021binerea a trei inculpa\u021bi, dintre care doi minori, ambii \u00een v\u00e2rst\u0103 de 16 ani, cerceta\u021bi pentru s\u0103v\u00e2r\u0219irea infrac\u021biunilor de trafic de minori, acces &hellip; <a href=\"https:\/\/microscopemedia.com\/?p=680373\" class=\"more-link\">Read More<\/a><\/p>\n","protected":false},"author":1,"featured_media":680374,"comment_status":"closed","ping_status":"closed","sticky":false,"template":"Default","format":"standard","meta":[],"categories":[1],"tags":[],"_links":{"self":[{"href":"https:\/\/microscopemedia.com\/index.php?rest_route=\/wp\/v2\/posts\/680373"}],"collection":[{"href":"https:\/\/microscopemedia.com\/index.php?rest_route=\/wp\/v2\/posts"}],"about":[{"href":"https:\/\/microscopemedia.com\/index.php?rest_route=\/wp\/v2\/types\/post"}],"author":[{"embeddable":true,"href":"https:\/\/microscopemedia.com\/index.php?rest_route=\/wp\/v2\/users\/1"}],"replies":[{"embeddable":true,"href":"https:\/\/microscopemedia.com\/index.php?rest_route=%2Fwp%2Fv2%2Fcomments&post=680373"}],"version-history":[{"count":0,"href":"https:\/\/microscopemedia.com\/index.php?rest_route=\/wp\/v2\/posts\/680373\/revisions"}],"wp:featuredmedia":[{"embeddable":true,"href":"https:\/\/microscopemedia.com\/index.php?rest_route=\/wp\/v2\/media\/680374"}],"wp:attachment":[{"href":"https:\/\/microscopemedia.com\/index.php?rest_route=%2Fwp%2Fv2%2Fmedia&parent=680373"}],"wp:term":[{"taxonomy":"category","embeddable":true,"href":"https:\/\/microscopemedia.com\/index.php?rest_route=%2Fwp%2Fv2%2Fcategories&post=680373"},{"taxonomy":"post_tag","embeddable":true,"href":"https:\/\/microscopemedia.com\/index.php?rest_route=%2Fwp%2Fv2%2Ftags&post=680373"}],"curies":[{"name":"wp","href":"https:\/\/api.w.org\/{rel}","templated":true}]}}