{"id":680381,"date":"2026-03-06T13:56:04","date_gmt":"2026-03-06T13:56:04","guid":{"rendered":"https:\/\/microscopemedia.com\/?p=680381"},"modified":"2026-03-06T13:56:04","modified_gmt":"2026-03-06T13:56:04","slug":"avocatul-poporului-sesizeaza-ccr-privind-ordonanta-de-guvern-pentru-reforma-administratiei-publice","status":"publish","type":"post","link":"https:\/\/microscopemedia.com\/?p=680381","title":{"rendered":"Avocatul Poporului sesizeaz\u0103 CCR privind ordonan\u021ba de Guvern pentru reforma administra\u021biei publice"},"content":{"rendered":"<div><img decoding=\"async\" src=\"https:\/\/microscopemedia.com\/wp-content\/uploads\/2026\/03\/avocatul-poporului-sesizeaza-ccr-privind-ordonanta-de-guvern-pentru-reforma-administratiei-publice.jpg\" class=\"ff-og-image-inserted\"><\/div>\n<p id=\"p-0\">Avocatul Poporului a sesizat, vineri, Curtea Constitu\u021bional\u0103 privind ordonan\u021ba Guvernului privind reforma administra\u021biei publice, scrie <span><a href=\"https:\/\/www.g4media.ro\/breaking-avocatul-poporului-ataca-la-curtea-constitutionala-ordonanta-de-urgenta-care-prevede-taieri-de-10-in-administratia-publica.html\" target=\"_blank\" rel=\"noopener\">G4Media<\/a><\/span>.<\/p>\n<p id=\"p-1\">Avocatul Poporului sus\u021bine, \u00een <span><a href=\"https:\/\/avp.ro\/wp-content\/uploads\/2026\/03\/Exc-art.-I-VI-VIII-XII-XIII-XVII-XLIV-OUG-7-2026.pdf\" target=\"_blank\" rel=\"noopener\">sesizarea trimis\u0103 Cur\u021bii Constitu\u021bionale<\/a><\/span>, c\u0103 ordonan\u021ba de urgen\u021b\u0103 \u00eencalc\u0103 articolele din Constitu\u021bie care se refer\u0103 la principiul securit\u0103\u021bii juridice, principiul egalit\u0103\u021bii \u00een drepturi, dreptul de proprietate privat\u0103, protec\u021bia social\u0103 a cet\u0103\u021benilor, protec\u021bia persoanelor cu handicap, restr\u00e2ngerea exerci\u021biului unor drepturi \u0219i libert\u0103\u021bi.<\/p>\n<p id=\"p-2\">Concret, sesizarea formulat\u0103 de Avocatul Poporului vizeaz\u0103 prevederile unor puncte de la articolele I, VI \u0219i VIII \u0219i articolele XII, XIII, XVII \u0219i XLIV din OUG nr. 7\/2026 privind organizarea administra\u021biei publice \u0219i la finan\u021bele unit\u0103\u021bilor administrativ-teritoriale.<\/p>\n<p id=\"p-3\">\u00cen data de 24 februarie, Guvernul a adoptat <span><a href=\"https:\/\/www.mediafax.ro\/politic\/acord-in-coalitie-pe-cele-doua-ordonante-de-guvern-reforma-administratiei-si-relansarea-economica-23691605\">t\u0103ierile \u00een administra\u021bie \u0219i pachetul de relansare economic\u0103<\/a><\/span>.<\/p>\n<p id=\"p-4\"><strong>Reforma administra\u021biei centrale \u0219i locale<\/strong>&nbsp;vizeaz\u0103 reducerea suprapunerilor institu\u021bionale \u0219i eficientizarea proceselor interne ale institu\u021biilor. Scopul reformei este cre\u0219terea calit\u0103\u021bii actului administrativ \u0219i reducerea costurilor statului.<\/p>\n","protected":false},"excerpt":{"rendered":"<p>Avocatul Poporului a sesizat, vineri, Curtea Constitu\u021bional\u0103 privind ordonan\u021ba Guvernului privind reforma administra\u021biei publice, scrie G4Media. Avocatul Poporului sus\u021bine, \u00een sesizarea trimis\u0103 Cur\u021bii Constitu\u021bionale, c\u0103 ordonan\u021ba de urgen\u021b\u0103 \u00eencalc\u0103 articolele &hellip; <a href=\"https:\/\/microscopemedia.com\/?p=680381\" class=\"more-link\">Read More<\/a><\/p>\n","protected":false},"author":1,"featured_media":680382,"comment_status":"closed","ping_status":"closed","sticky":false,"template":"Default","format":"standard","meta":[],"categories":[1],"tags":[],"_links":{"self":[{"href":"https:\/\/microscopemedia.com\/index.php?rest_route=\/wp\/v2\/posts\/680381"}],"collection":[{"href":"https:\/\/microscopemedia.com\/index.php?rest_route=\/wp\/v2\/posts"}],"about":[{"href":"https:\/\/microscopemedia.com\/index.php?rest_route=\/wp\/v2\/types\/post"}],"author":[{"embeddable":true,"href":"https:\/\/microscopemedia.com\/index.php?rest_route=\/wp\/v2\/users\/1"}],"replies":[{"embeddable":true,"href":"https:\/\/microscopemedia.com\/index.php?rest_route=%2Fwp%2Fv2%2Fcomments&post=680381"}],"version-history":[{"count":0,"href":"https:\/\/microscopemedia.com\/index.php?rest_route=\/wp\/v2\/posts\/680381\/revisions"}],"wp:featuredmedia":[{"embeddable":true,"href":"https:\/\/microscopemedia.com\/index.php?rest_route=\/wp\/v2\/media\/680382"}],"wp:attachment":[{"href":"https:\/\/microscopemedia.com\/index.php?rest_route=%2Fwp%2Fv2%2Fmedia&parent=680381"}],"wp:term":[{"taxonomy":"category","embeddable":true,"href":"https:\/\/microscopemedia.com\/index.php?rest_route=%2Fwp%2Fv2%2Fcategories&post=680381"},{"taxonomy":"post_tag","embeddable":true,"href":"https:\/\/microscopemedia.com\/index.php?rest_route=%2Fwp%2Fv2%2Ftags&post=680381"}],"curies":[{"name":"wp","href":"https:\/\/api.w.org\/{rel}","templated":true}]}}