{"id":680389,"date":"2026-03-06T14:46:04","date_gmt":"2026-03-06T14:46:04","guid":{"rendered":"https:\/\/microscopemedia.com\/?p=680389"},"modified":"2026-03-06T14:46:04","modified_gmt":"2026-03-06T14:46:04","slug":"avionul-care-i-a-adus-acasa-pe-elevii-romani-aflati-in-vacanta-la-dubai-a-aterizat-la-bucuresti","status":"publish","type":"post","link":"https:\/\/microscopemedia.com\/?p=680389","title":{"rendered":"Avionul care i-a adus acas\u0103 pe elevii rom\u00e2ni afla\u021bi \u00een vacan\u021b\u0103 la Dubai a aterizat la Bucure\u0219ti"},"content":{"rendered":"<div><img decoding=\"async\" src=\"https:\/\/microscopemedia.com\/wp-content\/uploads\/2026\/03\/avionul-care-i-a-adus-acasa-pe-elevii-romani-aflati-in-vacanta-la-dubai-a-aterizat-la-bucuresti.jpg\" class=\"ff-og-image-inserted\"><\/div>\n<p id=\"p-0\">Potrivit Consulatului, drumul elevilor rom\u00e2ni prin\u0219i \u00een cponflict nu a fost simplu. Copiii au fost transporta\u021bi cu autocarele p\u00e2n\u0103 la Muscat, de unde s-au \u00eembarcat \u00een zborul de repatriere, \u00eenso\u021bi\u021bi \u00een permanen\u021b\u0103 de profesorii lor.<\/p>\n<p id=\"p-1\">\u201eAjun\u0219i cu bine pe p\u0103m\u00e2nt rom\u00e2nesc, elevii se \u00eendreapt\u0103 acum spre casele lor din Vrancea, Piatra Neam\u021b \u0219i Suceava\u201d, anun\u021b\u0103 Consulatul General al Rom\u00e2niei la Dubai.<\/p>\n<p id=\"p-2\">Reprezentan\u021bii consulari anun\u021b\u0103 \u0219i demersurile \u00een curs: \u201ePurt\u0103m discu\u021bii active pentru organizarea unor noi zboruri de repatriere \u00een perioada imediat urm\u0103toare. Lucr\u0103m pentru crearea unor culoare de zbor directe c\u0103tre Bucure\u0219ti ale companiilor aeriene de linie. Echipa Consulatului General al Rom\u00e2niei la Dubai munce\u0219te non-stop pentru ca fiecare rom\u00e2n aflat \u00een regiune s\u0103 ajung\u0103 acas\u0103 \u00een siguran\u021b\u0103\u201d, arat\u0103 Consulatul.<\/p>\n<p id=\"p-3\">127 de rom\u00e2ni, dintre care 95 de copii, afecta\u021bi de criza de securitate din Orientul Mijlociu se \u00eentorc, vineri, cu un zbor de evacuare. Aeronava a decolat de la Muscat (Sultanatul Oman), cu destina\u021bia Bucure\u0219ti, transmite Ministerul Afacerilor Externe (MAE).<\/p>\n","protected":false},"excerpt":{"rendered":"<p>Potrivit Consulatului, drumul elevilor rom\u00e2ni prin\u0219i \u00een cponflict nu a fost simplu. Copiii au fost transporta\u021bi cu autocarele p\u00e2n\u0103 la Muscat, de unde s-au \u00eembarcat \u00een zborul de repatriere, \u00eenso\u021bi\u021bi &hellip; <a href=\"https:\/\/microscopemedia.com\/?p=680389\" class=\"more-link\">Read More<\/a><\/p>\n","protected":false},"author":1,"featured_media":680390,"comment_status":"closed","ping_status":"closed","sticky":false,"template":"Default","format":"standard","meta":[],"categories":[1],"tags":[],"_links":{"self":[{"href":"https:\/\/microscopemedia.com\/index.php?rest_route=\/wp\/v2\/posts\/680389"}],"collection":[{"href":"https:\/\/microscopemedia.com\/index.php?rest_route=\/wp\/v2\/posts"}],"about":[{"href":"https:\/\/microscopemedia.com\/index.php?rest_route=\/wp\/v2\/types\/post"}],"author":[{"embeddable":true,"href":"https:\/\/microscopemedia.com\/index.php?rest_route=\/wp\/v2\/users\/1"}],"replies":[{"embeddable":true,"href":"https:\/\/microscopemedia.com\/index.php?rest_route=%2Fwp%2Fv2%2Fcomments&post=680389"}],"version-history":[{"count":0,"href":"https:\/\/microscopemedia.com\/index.php?rest_route=\/wp\/v2\/posts\/680389\/revisions"}],"wp:featuredmedia":[{"embeddable":true,"href":"https:\/\/microscopemedia.com\/index.php?rest_route=\/wp\/v2\/media\/680390"}],"wp:attachment":[{"href":"https:\/\/microscopemedia.com\/index.php?rest_route=%2Fwp%2Fv2%2Fmedia&parent=680389"}],"wp:term":[{"taxonomy":"category","embeddable":true,"href":"https:\/\/microscopemedia.com\/index.php?rest_route=%2Fwp%2Fv2%2Fcategories&post=680389"},{"taxonomy":"post_tag","embeddable":true,"href":"https:\/\/microscopemedia.com\/index.php?rest_route=%2Fwp%2Fv2%2Ftags&post=680389"}],"curies":[{"name":"wp","href":"https:\/\/api.w.org\/{rel}","templated":true}]}}