{"id":680397,"date":"2026-03-06T15:26:04","date_gmt":"2026-03-06T15:26:04","guid":{"rendered":"https:\/\/microscopemedia.com\/?p=680397"},"modified":"2026-03-06T15:26:04","modified_gmt":"2026-03-06T15:26:04","slug":"rogobete-despre-reorganizarea-modului-in-care-functioneaza-spitalele-modul-in-care-se-ofera-serviciile-nu-au-mai-fost-regandite-de-peste-30-de-ani","status":"publish","type":"post","link":"https:\/\/microscopemedia.com\/?p=680397","title":{"rendered":"Rogobete, despre reorganizarea modului \u00een care func\u021bioneaz\u0103 spitalele: \u201eModul \u00een care se ofer\u0103 serviciile nu au mai fost reg\u00e2ndite de peste 30 de ani\u201d"},"content":{"rendered":"<div><img decoding=\"async\" src=\"https:\/\/microscopemedia.com\/wp-content\/uploads\/2026\/03\/rogobete-despre-reorganizarea-modului-in-care-functioneaza-spitalele-modul-in-care-se-ofera-serviciile-nu-au-mai-fost-regandite-de-peste-30-de-ani.jpg\" class=\"ff-og-image-inserted\"><\/div>\n<p id=\"p-0\">Ministrul S\u0103n\u0103t\u0103\u021bii, <span class=\"hover:entity-accent entity-underline inline cursor-pointer align-baseline\"><span class=\"whitespace-normal\">Alexandru Rogobete<\/span><\/span>, a declarat vineri, \u00een cadrul emisiunii \u201eAtitudini\u201d, de la G\u00e2ndul, c\u0103 una dintre principalele provoc\u0103ri ale sistemului medical rom\u00e2nesc este rec\u00e2\u0219tigarea \u00eencrederii pacien\u021bilor, afectat\u0103 \u00een ultimii ani de crizele din sistem \u0219i de efectele pandemiei.<\/p>\n<p id=\"p-1\">\u201eCred mult \u00een g\u00e2ndirea de rea\u0219ezare a unor lucruri. Nu plec de la principiul c\u0103 totul este gre\u0219it \u0219i totul trebuie schimbat \u0219i nimic nu e bine. Ba din contr\u0103, sunt lucruri care func\u021bioneaz\u0103, lucruri care arat\u0103 bine, lucruri care sunt \u00een transformare. (\u2026) Elementul esen\u021bial \u2013 \u0219i anume \u00eencrederea oamenilor \u00een sistemul de s\u0103n\u0103tate, \u00eencrederea oamenilor \u00een medicin\u0103 \u0219i \u00een terapiile moderne, \u00eencrederea oamenilor \u00een medica\u021bia modern\u0103 \u2013 a avut de suferit dup\u0103 pandemie. \u00cenc\u0103 nu ne-am revenit \u0219i nu dau vina doar pe pandemie. De-a lungul timpului, toate problemele, toate nedrept\u0103\u021bile, toate inechit\u0103\u021bile, Faptul c\u0103 de multe ori pacien\u021bii au sim\u021bit c\u0103 deranjeaz\u0103 atunci c\u00e2nd s-au dus la spital (\u2026) toate astea, din p\u0103cate, au dus la sc\u0103derea abrupt\u0103 a \u00eencrederii oamenilor \u00een sistemul de s\u0103n\u0103tate\u201d, a spus Alexandru Rogobete \u00een cadrul emisiunii de la G\u00e2ndul.<\/p>\n<p id=\"p-2\">Ministrul a mai precizat c\u0103 deteriorarea rela\u021biei dintre pacien\u021bi \u0219i personalul medical se vede tot mai des \u00een spa\u021biul public. \u201eMedici b\u0103tu\u021bi \u00een timpul g\u0103rzilor, atitudini necorespunz\u0103toare \u0219i din partea medicilor c\u0103tre pacien\u021bi (\u2026) toate astea au la baz\u0103 ceea ce am spus la \u00eenceput, \u0219i anume \u00eencrederea \u00een sistem. <span class=\"cursor-pointer group\" title=\"Reda\u021bi \u00eencep\u00e2nd de la 3:54\"><span class=\"group-hover:bg-base-200 rounded p-0.5 -m-0.5\" data-start=\"233730\" data-end=\"238370\">Degeaba construim spitale noi, degeaba avem medicamente \u00een lista de compensate<\/span><\/span> d<span class=\"cursor-pointer group\" title=\"Reda\u021bi \u00eencep\u00e2nd de la 4:00\"><span class=\"group-hover:bg-base-200 rounded p-0.5 -m-0.5\" data-start=\"239590\" data-end=\"246370\">ac\u0103 nu exist\u0103 fundamentul rela\u021biei dintre pacient \u0219i medic\u201d,<\/span><\/span> a explicat Rogobete.<\/p>\n<h2 id=\"chapter-0\">Reorganizarea modului \u00een care func\u021bioneaz\u0103 spitalele<\/h2>\n<p id=\"p-3\">Un alt obiectiv al ministrului este cel privind reorganizarea modului \u00een care func\u021bioneaz\u0103 spitalele, sistem care, potrivit acesuia, nu a mai fost reg\u00e2ndit de mul\u021bi ani.<\/p>\n<p id=\"p-4\"><span class=\"cursor-pointer group\" title=\"Reda\u021bi \u00eencep\u00e2nd de la 4:07\"><span class=\"group-hover:bg-base-200 rounded p-0.5 -m-0.5\" data-start=\"246930\" data-end=\"253730\">\u201eUn al doilea obiectiv \u0219i l-am \u00eenceput deja: reorganizarea modului \u00een care func\u021bioneaz\u0103 spitalele din Rom\u00e2nia. <\/span><\/span><span class=\"cursor-pointer group\" title=\"Reda\u021bi \u00eencep\u00e2nd de la 4:14\"><span class=\"group-hover:bg-base-200 rounded p-0.5 -m-0.5\" data-start=\"253730\" data-end=\"257620\">G\u00e2ndi\u021bi-v\u0103 c\u0103 aceste spitale nu au mai fost reg\u00e2ndite, reorganizate.<\/span><\/span>&nbsp;<span class=\"cursor-pointer group\" title=\"Reda\u021bi \u00eencep\u00e2nd de la 4:18\"><span class=\"group-hover:bg-base-200 rounded p-0.5 -m-0.5\" data-start=\"258149\" data-end=\"264970\">Modul \u00een care se ofer\u0103 serviciile nu au mai fost reg\u00e2ndite \u0219i reorganizate de peste 30 de ani\u201d, a spus Rogobete.<\/span><\/span><\/p>\n<p data-start=\"2133\" data-end=\"2560\" id=\"p-5\">Referindu-se la descentralizarea administrativ\u0103 a spitalelor, ministrul a afirmat c\u0103 problema principal\u0103 este reprezentat\u0103 de lipsa instrumentelor prin care ministerul s\u0103 poat\u0103 coordona eficient sistemul.<\/p>\n<p data-start=\"2133\" data-end=\"2560\" id=\"p-6\"><span class=\"cursor-pointer group\" title=\"Reda\u021bi \u00eencep\u00e2nd de la 6:06\"><span class=\"group-hover:bg-base-200 rounded p-0.5 -m-0.5\" data-start=\"366270\" data-end=\"368770\">\u201eEu nu vreau s\u0103 iau la Ministerul S\u0103n\u0103t\u0103\u021bii \u00eenapoi spitalele. C<\/span><\/span><span class=\"cursor-pointer group\" title=\"Reda\u021bi \u00eencep\u00e2nd de la 6:09\"><span class=\"group-hover:bg-base-200 rounded p-0.5 -m-0.5\" data-start=\"368770\" data-end=\"372110\">e vreau \u0219i ce \u00eemi doresc \u0219i ce cred c\u0103 ar fi normal<\/span><\/span> \u2013 <span class=\"cursor-pointer group\" title=\"Reda\u021bi \u00eencep\u00e2nd de la 6:12\"><span class=\"group-hover:bg-base-200 rounded p-0.5 -m-0.5\" data-start=\"372110\" data-end=\"374230\">pentru c\u0103 v\u0103d \u00een modul \u00een care func\u021bioneaz\u0103 lucrurile<\/span><\/span> \u2013 e<span class=\"cursor-pointer group\" title=\"Reda\u021bi \u00eencep\u00e2nd de la 6:14\"><span class=\"group-hover:bg-base-200 rounded p-0.5 -m-0.5\" data-start=\"374230\" data-end=\"381950\">ste ca Ministerul S\u0103n\u0103t\u0103\u021bii s\u0103 poat\u0103 avea o coordonare operativ\u0103, o coordonare a resursei umane,<\/span><\/span>&nbsp;<span class=\"cursor-pointer group\" title=\"Reda\u021bi \u00eencep\u00e2nd de la 6:22\"><span class=\"group-hover:bg-base-200 rounded p-0.5 -m-0.5\" data-start=\"381950\" data-end=\"385770\">o coordonare a performan\u021bei \u00een aceste unit\u0103\u021bi sanitare. <\/span><\/span><span class=\"cursor-pointer group\" title=\"Reda\u021bi \u00eencep\u00e2nd de la 6:28\"><span class=\"group-hover:bg-base-200 rounded p-0.5 -m-0.5\" data-start=\"388210\" data-end=\"390850\">Nu am niciun cuv\u00e2nt de spus c\u00e2nd se pune un manager, n<\/span><\/span><span class=\"cursor-pointer group\" title=\"Reda\u021bi \u00eencep\u00e2nd de la 6:31\"><span class=\"group-hover:bg-base-200 rounded p-0.5 -m-0.5\" data-start=\"391330\" data-end=\"394430\">u am niciun cuv\u00e2nt de spus c\u00e2nd se pune un \u0219ef de sec\u021bie, n<\/span><\/span><span class=\"cursor-pointer group\" title=\"Reda\u021bi \u00eencep\u00e2nd de la 6:34\"><span class=\"group-hover:bg-base-200 rounded p-0.5 -m-0.5\" data-start=\"394430\" data-end=\"397490\">u am niciun cuv\u00e2nt de spus c\u00e2nd se fac licita\u021bii.<\/span><\/span>&nbsp;<span class=\"cursor-pointer group\" title=\"Reda\u021bi \u00eencep\u00e2nd de la 6:37\"><span class=\"group-hover:bg-base-200 rounded p-0.5 -m-0.5\" data-start=\"397490\" data-end=\"401710\">\u00cens\u0103, atunci c\u00e2nd apare o problem\u0103, eu sunt cel care r\u0103spunde\u201d, a explicat Rogobete.<\/span><\/span><\/p>\n","protected":false},"excerpt":{"rendered":"<p>Ministrul S\u0103n\u0103t\u0103\u021bii, Alexandru Rogobete, a declarat vineri, \u00een cadrul emisiunii \u201eAtitudini\u201d, de la G\u00e2ndul, c\u0103 una dintre principalele provoc\u0103ri ale sistemului medical rom\u00e2nesc este rec\u00e2\u0219tigarea \u00eencrederii pacien\u021bilor, afectat\u0103 \u00een ultimii &hellip; <a href=\"https:\/\/microscopemedia.com\/?p=680397\" class=\"more-link\">Read More<\/a><\/p>\n","protected":false},"author":1,"featured_media":680398,"comment_status":"closed","ping_status":"closed","sticky":false,"template":"Default","format":"standard","meta":[],"categories":[1],"tags":[],"_links":{"self":[{"href":"https:\/\/microscopemedia.com\/index.php?rest_route=\/wp\/v2\/posts\/680397"}],"collection":[{"href":"https:\/\/microscopemedia.com\/index.php?rest_route=\/wp\/v2\/posts"}],"about":[{"href":"https:\/\/microscopemedia.com\/index.php?rest_route=\/wp\/v2\/types\/post"}],"author":[{"embeddable":true,"href":"https:\/\/microscopemedia.com\/index.php?rest_route=\/wp\/v2\/users\/1"}],"replies":[{"embeddable":true,"href":"https:\/\/microscopemedia.com\/index.php?rest_route=%2Fwp%2Fv2%2Fcomments&post=680397"}],"version-history":[{"count":0,"href":"https:\/\/microscopemedia.com\/index.php?rest_route=\/wp\/v2\/posts\/680397\/revisions"}],"wp:featuredmedia":[{"embeddable":true,"href":"https:\/\/microscopemedia.com\/index.php?rest_route=\/wp\/v2\/media\/680398"}],"wp:attachment":[{"href":"https:\/\/microscopemedia.com\/index.php?rest_route=%2Fwp%2Fv2%2Fmedia&parent=680397"}],"wp:term":[{"taxonomy":"category","embeddable":true,"href":"https:\/\/microscopemedia.com\/index.php?rest_route=%2Fwp%2Fv2%2Fcategories&post=680397"},{"taxonomy":"post_tag","embeddable":true,"href":"https:\/\/microscopemedia.com\/index.php?rest_route=%2Fwp%2Fv2%2Ftags&post=680397"}],"curies":[{"name":"wp","href":"https:\/\/api.w.org\/{rel}","templated":true}]}}