{"id":680401,"date":"2026-03-06T15:46:04","date_gmt":"2026-03-06T15:46:04","guid":{"rendered":"https:\/\/microscopemedia.com\/?p=680401"},"modified":"2026-03-06T15:46:04","modified_gmt":"2026-03-06T15:46:04","slug":"kelemen-hunor-condamna-declaratiile-lui-zelenski-despre-viktor-orban-mesaj-inacceptabil","status":"publish","type":"post","link":"https:\/\/microscopemedia.com\/?p=680401","title":{"rendered":"Kelemen Hunor condamn\u0103 declara\u021biile lui Zelenski despre Viktor Orban: \u201eMesaj inacceptabil\u201d"},"content":{"rendered":"<div><img decoding=\"async\" src=\"https:\/\/microscopemedia.com\/wp-content\/uploads\/2026\/03\/kelemen-hunor-condamna-declaratiile-lui-zelenski-despre-viktor-orban-mesaj-inacceptabil.jpg\" class=\"ff-og-image-inserted\"><\/div>\n<p data-start=\"541\" data-end=\"727\" id=\"p-0\">Reac\u021bia liderului UDMR vine dup\u0103 ce Zelenski l-a criticat pe Orb\u00e1n pentru blocarea unui pachet financiar important destinat Ucrainei la nivelul <strong data-start=\"685\" data-end=\"726\"><span class=\"hover:entity-accent entity-underline inline cursor-pointer align-baseline\"><span class=\"whitespace-normal\">Uniunii Europene<\/span><\/span><\/strong>.<\/p>\n<p data-start=\"825\" data-end=\"987\" id=\"p-1\">\u00centr-o postare publicat\u0103 pe Facebook \u00een limba maghiar\u0103, Kelemen Hunor a afirmat c\u0103 declara\u021biile liderului ucrainean sunt inacceptabile \u0219i trebuie condamnate clar.<\/p>\n<p data-start=\"989\" data-end=\"1099\" id=\"p-2\">Potrivit acestuia, chiar \u0219i \u00een cazul unor divergen\u021be politice majore exist\u0103 limite care nu ar trebui dep\u0103\u0219ite.<\/p>\n<p data-start=\"1101\" data-end=\"1362\" id=\"p-3\">\u201eExist\u0103 o limit\u0103 care nu poate fi dep\u0103\u0219it\u0103 nici m\u0103car \u00een cazul unei diferen\u021be de opinie politic\u0103. Amenin\u021barea prim-ministrului unei \u021b\u0103ri cu moartea este o asemenea limit\u0103. Acest lucru este inacceptabil \u0219i trebuie condamnat \u00een mod clar\u201d, a declarat liderul UDMR.<\/p>\n<p data-start=\"1364\" data-end=\"1481\" id=\"p-4\">Hunor a sus\u021binut c\u0103 mesajul transmis de Zelenski nu \u00eel vizeaz\u0103 doar pe Viktor Orb\u00e1n, ci \u00eentreaga comunitate maghiar\u0103.<\/p>\n<p data-start=\"1483\" data-end=\"1629\" id=\"p-5\">\u201eAmenin\u021barea pre\u0219edintelui Zelenski nu \u00eei este adresat\u0103 doar lui Viktor Orb\u00e1n, ci transmite un mesaj \u00eentregii na\u021biuni maghiare\u201d, a ad\u0103ugat acesta.<\/p>\n<h2 data-section-id=\"14vfsc7\" data-start=\"1631\" data-end=\"1736\" id=\"chapter-0\">Declara\u021biile lui Zelenski despre Viktor Orban apar \u00een contextul bloc\u0103rii unui ajutor de 90 de miliarde<\/h2>\n<p data-start=\"1738\" data-end=\"1917\" id=\"p-7\">Comentariile liderului ucrainean au fost f\u0103cute joi, la Kiev, \u00een contextul bloc\u0103rii unui pachet de sprijin financiar pentru Ucraina, estimat la aproximativ 90 de miliarde de euro.<\/p>\n<p data-start=\"1919\" data-end=\"2090\" id=\"p-8\">Potrivit declara\u021biilor citate de Reuters, Zelenski a criticat faptul c\u0103 o singur\u0103 persoan\u0103 din Uniunea European\u0103 ar putea bloca ajutorul militar necesar armatei ucrainene.<\/p>\n<p data-start=\"2092\" data-end=\"2271\" id=\"p-9\">\u201eSper\u0103m c\u0103 o anumit\u0103 persoan\u0103 din UE nu va continua s\u0103 blocheze cele 90 de miliarde sau prima tran\u0219\u0103 din aceast\u0103 sum\u0103 \u0219i c\u0103 solda\u021bii ucraineni vor avea arme\u201d, a declarat Zelenski.<\/p>\n<p data-start=\"2273\" data-end=\"2429\" id=\"p-10\">El a ad\u0103ugat \u00eentr-o formulare interpretat\u0103 de unii drept amenin\u021b\u0103toare c\u0103, \u00een caz contrar, Ucraina ar putea transmite \u201eadresa acelei persoane\u201d armatei sale.<\/p>\n<p data-start=\"2431\" data-end=\"2600\" id=\"p-11\">\u201e\u00cen caz contrar, vom da adresa acestei persoane for\u021belor noastre armate, b\u0103ie\u021bilor no\u0219tri. S\u0103-l sune \u0219i s\u0103 vorbeasc\u0103 cu el, pe limba lor\u201d, a spus pre\u0219edintele ucrainean.<\/p>\n<h2 data-section-id=\"gwxtj1\" data-start=\"2602\" data-end=\"2689\" id=\"chapter-1\">Declara\u021biile lui Zelenski despre Viktor Orban risc\u0103 s\u0103 amplifice tensiunile politice<\/h2>\n<p data-start=\"2691\" data-end=\"2793\" id=\"p-12\">Kelemen Hunor a avertizat c\u0103 astfel de declara\u021bii pot agrava tensiunile politice existente \u00een regiune.<\/p>\n<p data-start=\"2795\" data-end=\"2944\" id=\"p-13\">Potrivit liderului UDMR, retorica amenin\u021b\u0103toare nu contribuie la rezolvarea problemelor politice, ci dimpotriv\u0103, amplific\u0103 conflictul \u0219i polarizarea.<\/p>\n<p data-start=\"2946\" data-end=\"3183\" id=\"p-14\">\u201e\u00centr-o situa\u021bie deja tensionat\u0103, retorica amenin\u021b\u0103toare nu ajut\u0103, ci spore\u0219te \u0219i mai mult tensiunea. Tocmai de aceea este important s\u0103 se spun\u0103 clar: asemenea declara\u021bii nu \u00ee\u0219i au locul \u00eentr-o dezbatere politic\u0103\u201d, a concluzionat acesta.<\/p>\n","protected":false},"excerpt":{"rendered":"<p>Reac\u021bia liderului UDMR vine dup\u0103 ce Zelenski l-a criticat pe Orb\u00e1n pentru blocarea unui pachet financiar important destinat Ucrainei la nivelul Uniunii Europene. \u00centr-o postare publicat\u0103 pe Facebook \u00een limba &hellip; <a href=\"https:\/\/microscopemedia.com\/?p=680401\" class=\"more-link\">Read More<\/a><\/p>\n","protected":false},"author":1,"featured_media":680402,"comment_status":"closed","ping_status":"closed","sticky":false,"template":"Default","format":"standard","meta":[],"categories":[1],"tags":[],"_links":{"self":[{"href":"https:\/\/microscopemedia.com\/index.php?rest_route=\/wp\/v2\/posts\/680401"}],"collection":[{"href":"https:\/\/microscopemedia.com\/index.php?rest_route=\/wp\/v2\/posts"}],"about":[{"href":"https:\/\/microscopemedia.com\/index.php?rest_route=\/wp\/v2\/types\/post"}],"author":[{"embeddable":true,"href":"https:\/\/microscopemedia.com\/index.php?rest_route=\/wp\/v2\/users\/1"}],"replies":[{"embeddable":true,"href":"https:\/\/microscopemedia.com\/index.php?rest_route=%2Fwp%2Fv2%2Fcomments&post=680401"}],"version-history":[{"count":0,"href":"https:\/\/microscopemedia.com\/index.php?rest_route=\/wp\/v2\/posts\/680401\/revisions"}],"wp:featuredmedia":[{"embeddable":true,"href":"https:\/\/microscopemedia.com\/index.php?rest_route=\/wp\/v2\/media\/680402"}],"wp:attachment":[{"href":"https:\/\/microscopemedia.com\/index.php?rest_route=%2Fwp%2Fv2%2Fmedia&parent=680401"}],"wp:term":[{"taxonomy":"category","embeddable":true,"href":"https:\/\/microscopemedia.com\/index.php?rest_route=%2Fwp%2Fv2%2Fcategories&post=680401"},{"taxonomy":"post_tag","embeddable":true,"href":"https:\/\/microscopemedia.com\/index.php?rest_route=%2Fwp%2Fv2%2Ftags&post=680401"}],"curies":[{"name":"wp","href":"https:\/\/api.w.org\/{rel}","templated":true}]}}