{"id":680403,"date":"2026-03-06T16:06:03","date_gmt":"2026-03-06T16:06:03","guid":{"rendered":"https:\/\/microscopemedia.com\/?p=680403"},"modified":"2026-03-06T16:06:03","modified_gmt":"2026-03-06T16:06:03","slug":"planul-readiness-2030-ue-mobilizeaza-sute-de-miliarde-de-euro-pentru-aparare","status":"publish","type":"post","link":"https:\/\/microscopemedia.com\/?p=680403","title":{"rendered":"Planul \u201eReadiness 2030\u201d: UE mobilizeaz\u0103 sute de miliarde de euro pentru ap\u0103rare"},"content":{"rendered":"<div><img decoding=\"async\" src=\"https:\/\/microscopemedia.com\/wp-content\/uploads\/2026\/03\/planul-readiness-2030-ue-mobilizeaza-sute-de-miliarde-de-euro-pentru-aparare.jpg\" class=\"ff-og-image-inserted\"><\/div>\n<p id=\"p-0\">Uniunea European\u0103 ar putea mobiliza p\u00e2n\u0103 la 800 de miliarde de euro pentru ap\u0103rare p\u00e2n\u0103 \u00een 2030, prin pachetul \u201eReadiness 2030\u201d, potrivit Raportului general privind activit\u0103\u021bile Uniunii Europene \u00een 2025, publicat vineri de <a href=\"https:\/\/op.europa.eu\/webpub\/com\/general-report-2025\/en\/\" target=\"_blank\" rel=\"noopener\">Comisia European\u0103<\/a>.<\/p>\n<h2 id=\"chapter-0\">Mecanismul SAFE<\/h2>\n<p id=\"p-1\">Planul include \u0219i instrumentul <a href=\"https:\/\/www.mediafax.ro\/politic\/premierul-ilie-bolojan-a-avut-o-intrevedere-la-bruxelles-cu-ursula-von-der-leyen-pnrr-si-safe-pe-agenda-discutiilor-23693567\">SAFE<\/a>, care poate oferi p\u00e2n\u0103 la 150 de miliarde de euro sub form\u0103 de \u00eemprumuturi pentru investi\u021bii \u00een ap\u0103rare \u0219i pentru achizi\u021bii comune de echipamente militare. Rom\u00e2nia ar urma s\u0103 beneficieze de aproximativ 16,7 miliarde de euro prin acest mecanism, fiind a doua cea mai mare alocare dup\u0103 Polonia, care ar putea accesa circa 43,7 miliarde de euro.<\/p>\n<h2 id=\"chapter-1\">Bugete militare mai mari<\/h2>\n<p id=\"p-2\">\u00cen paralel, statele membre ar putea mobiliza p\u00e2n\u0103 la 650 de miliarde de euro suplimentar prin cre\u0219terea cheltuielilor na\u021bionale pentru ap\u0103rare. Comisia European\u0103 a propus o flexibilizare a regulilor fiscale, astfel \u00eenc\u00e2t guvernele s\u0103 poat\u0103 majora investi\u021biile militare f\u0103r\u0103 a fi penalizate \u00een cadrul regulilor europene privind deficitul bugetar.<\/p>\n<p id=\"p-3\">Blocul comunitar finan\u021beaz\u0103 \u0219i alte programe dedicate industriei de ap\u0103rare. Fondul European de Ap\u0103rare sus\u021bine proiecte de cercetare \u0219i dezvoltare militar\u0103 cu peste un miliard de euro, \u00een timp ce alte 300 de milioane de euro sunt direc\u021bionate c\u0103tre proiecte comune din industria de ap\u0103rare.<\/p>\n<h2 id=\"chapter-2\">Von der Leyen: 2025, anul independen\u021bei Europei<\/h2>\n<p id=\"p-4\">\u201e2025 a marcat momentul independen\u021bei Europei. \u00centr-o lume mai volatil\u0103 \u0219i mai fragmentat\u0103, Europa a \u00een\u021beles c\u0103 trebuie s\u0103 \u00ee\u0219i asume o responsabilitate mai mare pentru propriul viitor\u201d, a precizat pre\u0219edinta Comisiei Europene, Ursula von der Leyen. Ea a subliniat c\u0103 pachetul Readiness 2030 reprezint\u0103 \u201ecea mai mare cre\u0219tere a investi\u021biilor europene \u00een ap\u0103rare din istoria UE\u201d.<\/p>\n<h2 id=\"chapter-3\">Ce cred europenii despre securitatea UE<\/h2>\n<p id=\"p-5\">Securitatea este tot mai important\u0103 pentru cet\u0103\u021benii europeni. Potrivit unui sondaj Eurobarometru citat \u00een raport, aproximativ 81% dintre europeni sus\u021bin o politic\u0103 comun\u0103 de securitate \u0219i ap\u0103rare, 78% se declar\u0103 \u00eengrijora\u021bi de securitatea Uniunii \u00een urm\u0103torii cinci ani, iar 77% consider\u0103 c\u0103 invazia Rusiei \u00een Ucraina reprezint\u0103 o amenin\u021bare pentru securitatea UE. \u00cen acela\u0219i timp, 69% consider\u0103 c\u0103 Uniunea r\u0103m\u00e2ne un loc stabil \u00eentr-o lume tot mai instabil\u0103.<\/p>\n<h2 id=\"chapter-4\">40 de ani Schengen<\/h2>\n<p id=\"p-6\">Spa\u021biul Schengen reune\u0219te \u00een prezent 29 de state \u0219i peste 450 de milioane de persoane. Aproximativ 3,5 milioane de oameni traverseaz\u0103 zilnic frontierele interne ale zonei Schengen, sistem care a marcat \u00een 2025 patru decenii de la semnarea acordului ce a eliminat controalele la frontierele interne.<\/p>\n","protected":false},"excerpt":{"rendered":"<p>Uniunea European\u0103 ar putea mobiliza p\u00e2n\u0103 la 800 de miliarde de euro pentru ap\u0103rare p\u00e2n\u0103 \u00een 2030, prin pachetul \u201eReadiness 2030\u201d, potrivit Raportului general privind activit\u0103\u021bile Uniunii Europene \u00een 2025, &hellip; <a href=\"https:\/\/microscopemedia.com\/?p=680403\" class=\"more-link\">Read More<\/a><\/p>\n","protected":false},"author":1,"featured_media":680404,"comment_status":"closed","ping_status":"closed","sticky":false,"template":"Default","format":"standard","meta":[],"categories":[1],"tags":[],"_links":{"self":[{"href":"https:\/\/microscopemedia.com\/index.php?rest_route=\/wp\/v2\/posts\/680403"}],"collection":[{"href":"https:\/\/microscopemedia.com\/index.php?rest_route=\/wp\/v2\/posts"}],"about":[{"href":"https:\/\/microscopemedia.com\/index.php?rest_route=\/wp\/v2\/types\/post"}],"author":[{"embeddable":true,"href":"https:\/\/microscopemedia.com\/index.php?rest_route=\/wp\/v2\/users\/1"}],"replies":[{"embeddable":true,"href":"https:\/\/microscopemedia.com\/index.php?rest_route=%2Fwp%2Fv2%2Fcomments&post=680403"}],"version-history":[{"count":0,"href":"https:\/\/microscopemedia.com\/index.php?rest_route=\/wp\/v2\/posts\/680403\/revisions"}],"wp:featuredmedia":[{"embeddable":true,"href":"https:\/\/microscopemedia.com\/index.php?rest_route=\/wp\/v2\/media\/680404"}],"wp:attachment":[{"href":"https:\/\/microscopemedia.com\/index.php?rest_route=%2Fwp%2Fv2%2Fmedia&parent=680403"}],"wp:term":[{"taxonomy":"category","embeddable":true,"href":"https:\/\/microscopemedia.com\/index.php?rest_route=%2Fwp%2Fv2%2Fcategories&post=680403"},{"taxonomy":"post_tag","embeddable":true,"href":"https:\/\/microscopemedia.com\/index.php?rest_route=%2Fwp%2Fv2%2Ftags&post=680403"}],"curies":[{"name":"wp","href":"https:\/\/api.w.org\/{rel}","templated":true}]}}