{"id":680405,"date":"2026-03-06T16:16:03","date_gmt":"2026-03-06T16:16:03","guid":{"rendered":"https:\/\/microscopemedia.com\/?p=680405"},"modified":"2026-03-06T16:16:03","modified_gmt":"2026-03-06T16:16:03","slug":"peste-100-de-expozanti-din-patru-tari-si-mii-de-vizitatori-sunt-asteptati-la-targul-apicol-international-de-primavara-de-la-ghiroda-un-eveniment-care-transforma-pentru-doua-zile-comuna-timiseana-in","status":"publish","type":"post","link":"https:\/\/microscopemedia.com\/?p=680405","title":{"rendered":"Peste 100 de expozan\u021bi din patru \u021b\u0103ri \u0219i mii de vizitatori sunt a\u0219tepta\u021bi la T\u00e2rgul Apicol Interna\u021bional de Prim\u0103var\u0103 de la Ghiroda, un eveniment care transform\u0103, pentru dou\u0103 zile, comuna timi\u0219ean\u0103 \u00een capitala mierii \u0219i a iubitorilor de albine"},"content":{"rendered":"<div><img decoding=\"async\" src=\"https:\/\/microscopemedia.com\/wp-content\/uploads\/2026\/03\/peste-100-de-expozanti-din-patru-tari-si-mii-de-vizitatori-sunt-asteptati-la-targul-apicol-international-de-primavara-de-la-ghiroda-un-eveniment-care-transforma-pentru-doua-zile-comuna-timiseana-in.jpg\" class=\"ff-og-image-inserted\"><\/div>\n<p id=\"p-0\">\u00cen perioada 7\u20138 martie 2026, comuna Ghiroda, jude\u021bul Timi\u0219, g\u0103zduie\u0219te edi\u021bia a XV-a a T\u00e2rgului Apicol Interna\u021bional de Prim\u0103var\u0103, un eveniment de referin\u021b\u0103 pentru apicultori, produc\u0103tori \u0219i iubitori ai produselor apicole. Manifestarea va avea loc \u00een zona C\u0103minului Cultural Ghiroda \u0219i va reuni peste 100 de expozan\u021bi din Rom\u00e2nia, Serbia, Croa\u021bia \u0219i Ungaria.<\/p>\n<p id=\"p-1\">Evenimentul face parte din seria de ac\u021biuni care promoveaz\u0103 candidatura Banatului la titlul de Regiune Gastronomic\u0103 European\u0103 2028, un proiect ini\u021biat de Consiliul Jude\u021bean Timi\u0219 \u0219i implementat de Visit Timi\u0219, al\u0103turi de partenerii din consor\u021biu: IGCAT, HORETIM, Universitatea de \u0218tiin\u021bele Vie\u021bii \u201eRegele Mihai I\u201d din Timi\u0219oara, Produs \u00een Banat, GAL Colinele Reca\u0219, Asocia\u021bia My Banat, Degustaria, CRIES \u2013 Centrul de Resurse pentru Ini\u021biative Etice &amp; Solidare, The Village \u0219i Asocia\u021bia GIDE.<\/p>\n<p id=\"p-2\">T\u00e2rgul este organizat de Prim\u0103ria Comunei Ghiroda \u0219i Asocia\u021bia Cresc\u0103torilor de Albine din Rom\u00e2nia, \u00een colaborare cu Asocia\u021bia Cresc\u0103torilor de Albine din Timi\u0219oara.<\/p>\n<p id=\"p-3\">Cite\u015fte comunicatul integral <a href=\"https:\/\/comunicate.mediafax.biz\/Pages\/Public\/Comunicate.aspx?comunicatId=21709\">AICI<\/a><\/p>\n","protected":false},"excerpt":{"rendered":"<p>\u00cen perioada 7\u20138 martie 2026, comuna Ghiroda, jude\u021bul Timi\u0219, g\u0103zduie\u0219te edi\u021bia a XV-a a T\u00e2rgului Apicol Interna\u021bional de Prim\u0103var\u0103, un eveniment de referin\u021b\u0103 pentru apicultori, produc\u0103tori \u0219i iubitori ai produselor &hellip; <a href=\"https:\/\/microscopemedia.com\/?p=680405\" class=\"more-link\">Read More<\/a><\/p>\n","protected":false},"author":1,"featured_media":680406,"comment_status":"closed","ping_status":"closed","sticky":false,"template":"Default","format":"standard","meta":[],"categories":[1],"tags":[],"_links":{"self":[{"href":"https:\/\/microscopemedia.com\/index.php?rest_route=\/wp\/v2\/posts\/680405"}],"collection":[{"href":"https:\/\/microscopemedia.com\/index.php?rest_route=\/wp\/v2\/posts"}],"about":[{"href":"https:\/\/microscopemedia.com\/index.php?rest_route=\/wp\/v2\/types\/post"}],"author":[{"embeddable":true,"href":"https:\/\/microscopemedia.com\/index.php?rest_route=\/wp\/v2\/users\/1"}],"replies":[{"embeddable":true,"href":"https:\/\/microscopemedia.com\/index.php?rest_route=%2Fwp%2Fv2%2Fcomments&post=680405"}],"version-history":[{"count":0,"href":"https:\/\/microscopemedia.com\/index.php?rest_route=\/wp\/v2\/posts\/680405\/revisions"}],"wp:featuredmedia":[{"embeddable":true,"href":"https:\/\/microscopemedia.com\/index.php?rest_route=\/wp\/v2\/media\/680406"}],"wp:attachment":[{"href":"https:\/\/microscopemedia.com\/index.php?rest_route=%2Fwp%2Fv2%2Fmedia&parent=680405"}],"wp:term":[{"taxonomy":"category","embeddable":true,"href":"https:\/\/microscopemedia.com\/index.php?rest_route=%2Fwp%2Fv2%2Fcategories&post=680405"},{"taxonomy":"post_tag","embeddable":true,"href":"https:\/\/microscopemedia.com\/index.php?rest_route=%2Fwp%2Fv2%2Ftags&post=680405"}],"curies":[{"name":"wp","href":"https:\/\/api.w.org\/{rel}","templated":true}]}}