{"id":680411,"date":"2026-03-06T16:46:04","date_gmt":"2026-03-06T16:46:04","guid":{"rendered":"https:\/\/microscopemedia.com\/?p=680411"},"modified":"2026-03-06T16:46:04","modified_gmt":"2026-03-06T16:46:04","slug":"europarlamentar-pnl-acuzatii-la-adresa-psd-dupa-ce-avocatul-poporului-a-sesizat-ccr-privind-reforma-administratiei-nu-este-o-coincidenta-ci-un-blocaj-politic","status":"publish","type":"post","link":"https:\/\/microscopemedia.com\/?p=680411","title":{"rendered":"Europarlamentar PNL, acuza\u021bii la adresa PSD dup\u0103 ce Avocatul Poporului a sesizat CCR privind reforma administra\u021biei: Nu este o coinciden\u021b\u0103, ci un blocaj politic"},"content":{"rendered":"<div><img decoding=\"async\" src=\"https:\/\/microscopemedia.com\/wp-content\/uploads\/2026\/03\/europarlamentar-pnl-acuzatii-la-adresa-psd-dupa-ce-avocatul-poporului-a-sesizat-ccr-privind-reforma-administratiei-nu-este-o-coincidenta-ci-un-blocaj-politic.jpg\" class=\"ff-og-image-inserted\"><\/div>\n<p id=\"p-0\">Europarlamentarul PNL, Daniel Buda, a reac\u021bionat vineri, \u00eentr-o postare pe Facebook, dup\u0103 ce Avocatul Poporului a sesizat CCR \u00een leg\u0103tur\u0103 cu OUG privind reforma administra\u021biei publice. Acesta spune c\u0103 atacul la CCR \u00eempotriva reformei administra\u021biei publice nu este, \u00een opinia sa, o simpl\u0103 coinciden\u021b\u0103, ci un blocaj politic menit s\u0103 \u00eempiedice schimb\u0103rile structurale \u00een sectorul public.<\/p>\n<p id=\"p-1\">\u201eAvocatul Poporului \u2013 al c\u0103rui mandat a expirat \u2013 atac\u0103 exact m\u0103sura care reduce risipa \u0219i restructurarea aparatului birocratic al statului. \u00cen acela\u0219i timp, presa a scris limpede c\u0103 acest demers vine dup\u0103 \u00eent\u00e2lniri \u00eentre lideri PSD \u0219i Avocatul Poporului. C\u00e2nd aceste lucruri apar public, nu mai vorbim despre suspiciuni, ci despre o opera\u021biune politic\u0103 f\u0103cut\u0103 prin proxy\u201d, a scris europarlamentarul PNL pe Facebook.<\/p>\n<h2 id=\"chapter-0\">Acuza\u021bii la adresa PSD<\/h2>\n<p id=\"p-3\">Daniel Buda acuz\u0103 c\u0103 \u201ePSD spune \u00een discurs c\u0103 vrea reforme, dar \u00een realitate face tot posibilul s\u0103 le blocheze\u201d. El a avertizat c\u0103 Rom\u00e2nia nu poate progresa cu un stat \u201eblocat\u0103 de interesele celor care se tem de reform\u0103\u201d.<\/p>\n<p id=\"p-4\">\u201eC\u00e2nd reforma deranjeaz\u0103 re\u021belele de privilegii din administra\u021bie, PSD scoate institu\u021biile din sertar \u0219i \u00eencearc\u0103 s\u0103 opreasc\u0103 schimbarea. Rom\u00e2nia nu poate merge \u00eenainte cu un stat blocat de interesele celor care se tem de reform\u0103\u201d, a mai spus europarlamentarul.<\/p>\n<p id=\"p-5\">Vineri, <span><a href=\"https:\/\/www.mediafax.ro\/politic\/avocatul-poporului-sesizeaza-ccr-privind-ordonanta-de-guvern-pentru-reforma-administratiei-publice-23698583\">Avocatul Poporului<\/a> <\/span>a atacat vineri, la Curtea Constitu\u021bional\u0103, ordonan\u021ba de urgen\u021b\u0103 a Guvernului privind reforma administra\u021biei publice.<\/p>\n<p id=\"p-6\">Avocatul Poporului sus\u021bine, \u00een&nbsp;<span><a href=\"https:\/\/avp.ro\/wp-content\/uploads\/2026\/03\/Exc-art.-I-VI-VIII-XII-XIII-XVII-XLIV-OUG-7-2026.pdf\" target=\"_blank\" rel=\"noopener\">sesizarea trimis\u0103 Cur\u021bii Constitu\u021bionale<\/a><\/span>, c\u0103 ordonan\u021ba de urgen\u021b\u0103 \u00eencalc\u0103 articolele din Constitu\u021bie care se refer\u0103 la principiul securit\u0103\u021bii juridice, principiul egalit\u0103\u021bii \u00een drepturi, dreptul de proprietate privat\u0103, protec\u021bia social\u0103 a cet\u0103\u021benilor, protec\u021bia persoanelor cu handicap, restr\u00e2ngerea exerci\u021biului unor drepturi \u0219i libert\u0103\u021bi.<\/p>\n","protected":false},"excerpt":{"rendered":"<p>Europarlamentarul PNL, Daniel Buda, a reac\u021bionat vineri, \u00eentr-o postare pe Facebook, dup\u0103 ce Avocatul Poporului a sesizat CCR \u00een leg\u0103tur\u0103 cu OUG privind reforma administra\u021biei publice. Acesta spune c\u0103 atacul &hellip; <a href=\"https:\/\/microscopemedia.com\/?p=680411\" class=\"more-link\">Read More<\/a><\/p>\n","protected":false},"author":1,"featured_media":680412,"comment_status":"closed","ping_status":"closed","sticky":false,"template":"Default","format":"standard","meta":[],"categories":[1],"tags":[],"_links":{"self":[{"href":"https:\/\/microscopemedia.com\/index.php?rest_route=\/wp\/v2\/posts\/680411"}],"collection":[{"href":"https:\/\/microscopemedia.com\/index.php?rest_route=\/wp\/v2\/posts"}],"about":[{"href":"https:\/\/microscopemedia.com\/index.php?rest_route=\/wp\/v2\/types\/post"}],"author":[{"embeddable":true,"href":"https:\/\/microscopemedia.com\/index.php?rest_route=\/wp\/v2\/users\/1"}],"replies":[{"embeddable":true,"href":"https:\/\/microscopemedia.com\/index.php?rest_route=%2Fwp%2Fv2%2Fcomments&post=680411"}],"version-history":[{"count":0,"href":"https:\/\/microscopemedia.com\/index.php?rest_route=\/wp\/v2\/posts\/680411\/revisions"}],"wp:featuredmedia":[{"embeddable":true,"href":"https:\/\/microscopemedia.com\/index.php?rest_route=\/wp\/v2\/media\/680412"}],"wp:attachment":[{"href":"https:\/\/microscopemedia.com\/index.php?rest_route=%2Fwp%2Fv2%2Fmedia&parent=680411"}],"wp:term":[{"taxonomy":"category","embeddable":true,"href":"https:\/\/microscopemedia.com\/index.php?rest_route=%2Fwp%2Fv2%2Fcategories&post=680411"},{"taxonomy":"post_tag","embeddable":true,"href":"https:\/\/microscopemedia.com\/index.php?rest_route=%2Fwp%2Fv2%2Ftags&post=680411"}],"curies":[{"name":"wp","href":"https:\/\/api.w.org\/{rel}","templated":true}]}}