{"id":680413,"date":"2026-03-06T16:56:04","date_gmt":"2026-03-06T16:56:04","guid":{"rendered":"https:\/\/microscopemedia.com\/?p=680413"},"modified":"2026-03-06T16:56:04","modified_gmt":"2026-03-06T16:56:04","slug":"protest-in-fata-palatului-cotroceni-fata-de-propunerile-pentru-sefia-marilor-parchete-nicusoare-nu-semna-ca-ingropi-justitia-nicusor-dan-a-venit-sa-discute-cu-protestatarii","status":"publish","type":"post","link":"https:\/\/microscopemedia.com\/?p=680413","title":{"rendered":"Protest \u00een fa\u021ba Palatului Cotroceni fa\u021b\u0103 de propunerile pentru \u0219efia marilor parchete: \u201eNicu\u0219oare, nu semna, c\u0103 \u00eengropi Justi\u021bia!\u201d\/ Nicu\u0219or Dan a venit s\u0103 discute cu protestatarii"},"content":{"rendered":"<div><img decoding=\"async\" src=\"https:\/\/microscopemedia.com\/wp-content\/uploads\/2026\/03\/protest-in-fata-palatului-cotroceni-fata-de-propunerile-pentru-sefia-marilor-parchete-nicusoare-nu-semna-ca-ingropi-justitia-nicusor-dan-a-venit-sa-discute-cu-protestatarii.jpg\" class=\"ff-og-image-inserted\"><\/div>\n<h2 id=\"chapter-0\">UPDATE Nicu\u0219or Dan a venit s\u0103 discute cu protestatarii<\/h2>\n<p id=\"p-0\">Pre\u0219edintele Nicu\u0219or Dan a venit s\u0103 poarte discu\u021bii cu protestatarii din fa\u021ba Palatului Cotroceni.<\/p>\n<p id=\"p-1\">\u201eNumirile pe care le voi semna mi le voi asuma, adic\u0103 procurorii care vor fi semna\u021bi de mine vor avea girul meu. V\u0103 rog s\u0103 m\u0103 crede\u021bi c\u0103 am cam de 100 de ori mai multe informa\u021bii despre sistemul de parchete din Rom\u00e2nia dec\u00e2t ave\u021bi dumneavoastr\u0103\u201d, a spus Nicu\u0219or Dan celor prezen\u021bi la manifesta\u021bie.<\/p>\n<h2 id=\"chapter-1\">\u0218tirea ini\u021bial\u0103:<\/h2>\n<p id=\"p-2\">Mai multe organiza\u021bii, \u00een frunte cu Declic, organizeaz\u0103 ast\u0103zi, de la ora 18:30, un protest \u00een fa\u021ba Palatului Cotroceni. Participan\u021bii se opun propunerilor ministrului Justi\u021biei pentru conducerea marilor parchete \u0219i \u00eei solicit\u0103 pre\u0219edintelui Nicu\u0219or Dan s\u0103 nu semneze decretele de numire \u0219i sus\u021bin c\u0103 persoanele propuse sunt \u201etoxice\u201d pentru independen\u021ba justi\u021biei.<\/p>\n<p id=\"p-3\">Protestul este intitulat \u201eCu ochii pe Cotroceni \u015fi numirea procurorilor\u201d \u0219i a str\u00e2ns, p\u00e2n\u0103 la ora redact\u0103rii acestei \u0219tiri, c\u00e2teva zeci de persoane \u00een fa\u021ba Palatului Cotroceni.<\/p>\n<p id=\"p-4\">Manifestan\u021bii au venit cu pancarte, prin intermediul c\u0103rora ei transmit mesaje pre\u0219edintelui Nicu\u0219or Dan: \u201eDomnule pre\u0219edinte, Rom\u00e2nia prive\u0219te atent numirile din justi\u021bie.\u201d sau \u201eVrem integritate, vrem nume nep\u0103tate.\u201d<\/p>\n<p id=\"p-5\">\u201eComunitatea Declic s-a str\u00e2ns aici pentru c\u0103 situa\u021bia din Justi\u021bie este groaznic\u0103. Dup\u0103 cum am v\u0103zut \u00een ultimii 3 ani, aceasta a fost acaparat\u0103 de un grup de interese. Prin numirile de acum pe care le-a f\u0103cut ministrul Justi\u021biei, ace\u0219tia \u00eencearc\u0103 s\u0103 r\u0103m\u00e2n\u0103 la butoane. Cerem pre\u0219edintelui Nicu\u0219or Dan s\u0103 resping\u0103 aceste numiri, pe care le consider\u0103m \u201etoxice\u201d. Ne a\u0219tept\u0103m ca Nicu\u0219or Dan s\u0103 se \u021bin\u0103 de cuv\u00e2nt,\u201d a declarat Alexandru Haiduc.<\/p>\n","protected":false},"excerpt":{"rendered":"<p>UPDATE Nicu\u0219or Dan a venit s\u0103 discute cu protestatarii Pre\u0219edintele Nicu\u0219or Dan a venit s\u0103 poarte discu\u021bii cu protestatarii din fa\u021ba Palatului Cotroceni. \u201eNumirile pe care le voi semna mi &hellip; <a href=\"https:\/\/microscopemedia.com\/?p=680413\" class=\"more-link\">Read More<\/a><\/p>\n","protected":false},"author":1,"featured_media":680414,"comment_status":"closed","ping_status":"closed","sticky":false,"template":"Default","format":"standard","meta":[],"categories":[1],"tags":[],"_links":{"self":[{"href":"https:\/\/microscopemedia.com\/index.php?rest_route=\/wp\/v2\/posts\/680413"}],"collection":[{"href":"https:\/\/microscopemedia.com\/index.php?rest_route=\/wp\/v2\/posts"}],"about":[{"href":"https:\/\/microscopemedia.com\/index.php?rest_route=\/wp\/v2\/types\/post"}],"author":[{"embeddable":true,"href":"https:\/\/microscopemedia.com\/index.php?rest_route=\/wp\/v2\/users\/1"}],"replies":[{"embeddable":true,"href":"https:\/\/microscopemedia.com\/index.php?rest_route=%2Fwp%2Fv2%2Fcomments&post=680413"}],"version-history":[{"count":0,"href":"https:\/\/microscopemedia.com\/index.php?rest_route=\/wp\/v2\/posts\/680413\/revisions"}],"wp:featuredmedia":[{"embeddable":true,"href":"https:\/\/microscopemedia.com\/index.php?rest_route=\/wp\/v2\/media\/680414"}],"wp:attachment":[{"href":"https:\/\/microscopemedia.com\/index.php?rest_route=%2Fwp%2Fv2%2Fmedia&parent=680413"}],"wp:term":[{"taxonomy":"category","embeddable":true,"href":"https:\/\/microscopemedia.com\/index.php?rest_route=%2Fwp%2Fv2%2Fcategories&post=680413"},{"taxonomy":"post_tag","embeddable":true,"href":"https:\/\/microscopemedia.com\/index.php?rest_route=%2Fwp%2Fv2%2Ftags&post=680413"}],"curies":[{"name":"wp","href":"https:\/\/api.w.org\/{rel}","templated":true}]}}