{"id":680415,"date":"2026-03-06T17:06:04","date_gmt":"2026-03-06T17:06:04","guid":{"rendered":"https:\/\/microscopemedia.com\/?p=680415"},"modified":"2026-03-06T17:06:04","modified_gmt":"2026-03-06T17:06:04","slug":"trump-spune-pentru-cnn-ca-nu-este-ingrijorat-daca-iranul-devine-un-stat-democratic","status":"publish","type":"post","link":"https:\/\/microscopemedia.com\/?p=680415","title":{"rendered":"Trump spune pentru CNN c\u0103 nu este \u00eengrijorat dac\u0103 Iranul devine un stat democratic"},"content":{"rendered":"<div><img decoding=\"async\" src=\"https:\/\/microscopemedia.com\/wp-content\/uploads\/2026\/03\/trump-spune-pentru-cnn-ca-nu-este-ingrijorat-daca-iranul-devine-un-stat-democratic.jpg\" class=\"ff-og-image-inserted\"><\/div>\n<p data-start=\"461\" data-end=\"648\" id=\"p-0\">\u201eIranul nu mai este aceea\u0219i \u021bar\u0103 ca acum o s\u0103pt\u0103m\u00e2n\u0103\u201d, a spus el pentru <a href=\"https:\/\/edition.cnn.com\/2026\/03\/06\/politics\/trump-interview-iran-cuba-dana-bash\" target=\"_blank\" rel=\"noopener\">CNN<\/a> \u00eentr-un scurt interviu telefonic. \u201eAcum o s\u0103pt\u0103m\u00e2n\u0103 erau puternici, iar acum au fost \u00eentr-adev\u0103r neutraliza\u021bi.\u201d<\/p>\n<p data-start=\"650\" data-end=\"990\" id=\"p-1\">El \u0219i-a exprimat \u00eencrederea c\u0103 alegerea unui nou lider va fi u\u0219oar\u0103, spun\u00e2nd c\u0103 trebuie s\u0103 fie implicat \u00een acest proces, \u0219i a comparat din nou misiunea cu situa\u021bia din <span class=\"hover:entity-accent entity-underline inline cursor-pointer align-baseline\"><span class=\"whitespace-normal\">Venezuela<\/span><\/span>, unde SUA l-a capturat pe <span class=\"hover:entity-accent entity-underline inline cursor-pointer align-baseline\"><span class=\"whitespace-normal\">Nicol\u00e1s Maduro<\/span><\/span> mai devreme \u00een acest an \u0219i ar fi pus-o la putere pe adjuncta sa.<\/p>\n<p data-start=\"992\" data-end=\"1228\" id=\"p-2\">\u201eVa func\u021biona foarte u\u0219or. Va func\u021biona ca \u00een Venezuela. Avem un lider minunat acolo. Ea face o treab\u0103 fantastic\u0103. \u0218i va func\u021biona ca \u00een Venezuela\u201d, a spus el, referindu-se la pre\u0219edinta interimar\u0103 <span class=\"hover:entity-accent entity-underline inline cursor-pointer align-baseline\"><span class=\"whitespace-normal\">Delcy Rodr\u00edguez<\/span><\/span>.<\/p>\n<p data-start=\"1230\" data-end=\"1470\" id=\"p-3\"><a href=\"https:\/\/www.mediafax.ro\/externe\/trump-la-cnn-cuba-va-cadea-curand-suntem-foarte-concentrati-pe-asta-chiar-acum-23698662\" target=\"_blank\" rel=\"noopener\">Trump<\/a> a mai spus c\u0103 ar fi deschis \u0219i ideii ca Iranul s\u0103 aib\u0103 un lider religios.<\/p>\n<p data-start=\"1230\" data-end=\"1470\" id=\"p-4\">\u201eEi bine, poate c\u0103 da, depinde cine este persoana. Nu am nimic \u00eempotriva liderilor religio\u0219i. Lucrez cu mul\u021bi lideri religio\u0219i \u0219i sunt fantastici\u201d, a spus el.<\/p>\n<p data-start=\"1472\" data-end=\"1794\" id=\"p-5\">\u00centrebat dac\u0103 insist\u0103 ca Iranul s\u0103 devin\u0103 un stat democratic, Trump a r\u0103spuns pentru CNN: \u201eNu, spun doar c\u0103 trebuie s\u0103 existe un lider care s\u0103 fie corect \u0219i drept. S\u0103 fac\u0103 o treab\u0103 grozav\u0103. S\u0103 trateze bine Statele Unite \u0219i Israelul \u0219i s\u0103 trateze bine celelalte \u021b\u0103ri din Orientul Mijlociu \u2014 toate sunt partenerii no\u0219tri.\u201d<\/p>\n<p data-start=\"1796\" data-end=\"1906\" id=\"p-6\">El a continuat l\u0103ud\u00e2nd rela\u021biile sale cu \u021b\u0103rile din Orientul Mijlociu, afirm\u00e2nd c\u0103 acestea \u201elupt\u0103 pentru noi\u201d.<\/p>\n<p data-start=\"1908\" data-end=\"2505\" id=\"p-7\">\u201eAm devenit foarte prietenos cu toate acele \u021b\u0103ri. De aceea toate lupt\u0103 pentru noi. \u00cenainte s\u0103 m\u0103 implic eu, nici m\u0103car nu vorbeam cu <span class=\"hover:entity-accent entity-underline inline cursor-pointer align-baseline\"><span class=\"whitespace-normal\">Emiratele Arabe Unite<\/span><\/span> \u0219i <span class=\"hover:entity-accent entity-underline inline cursor-pointer align-baseline\"><span class=\"whitespace-normal\">Arabia Saudit\u0103<\/span><\/span>. \u0218ti\u021bi, <span class=\"hover:entity-accent entity-underline inline cursor-pointer align-baseline\"><span class=\"whitespace-normal\">Joe Biden<\/span><\/span> i-a exclus. Biden \u0219i <span class=\"hover:entity-accent entity-underline inline cursor-pointer align-baseline\"><span class=\"whitespace-normal\">Barack Obama<\/span><\/span> au exclus Arabia Saudit\u0103, Emiratele Arabe Unite, <span class=\"hover:entity-accent entity-underline inline cursor-pointer align-baseline\"><span class=\"whitespace-normal\">Qatar<\/span><\/span> \u2014 i-au exclus pe to\u021bi. To\u021bi urmau s\u0103 mearg\u0103 c\u0103tre <span class=\"hover:entity-accent entity-underline inline cursor-pointer align-baseline\"><span class=\"whitespace-normal\">China<\/span><\/span>, iar eu m-am implicat \u0219i, \u00eentr-o perioad\u0103 foarte scurt\u0103, au devenit prietenii mei\u201d, a spus Trump.<\/p>\n<p data-start=\"2507\" data-end=\"2696\" id=\"p-8\">\u00cen timp ce a l\u0103udat opera\u021biunea SUA \u00eempotriva Iranului spun\u00e2nd c\u0103 este \u201e12, poate 15 pe o scar\u0103 de la 1 la 10\u201d, el a sugerat c\u0103 nu este \u00eengrijorat de cre\u0219terea pre\u021burilor la combustibil.<\/p>\n<p data-start=\"2698\" data-end=\"2923\" id=\"p-9\">\u201eEste \u00een regul\u0103. Va fi pe termen scurt. Vor sc\u0103dea foarte repede\u201d, a spus el, resping\u00e2nd ideea c\u0103 pre\u021burile au crescut semnificativ \u0219i afirm\u00e2nd c\u0103 \u201ea rezolvat deja\u201d problema Str\u00e2mtorii <span class=\"hover:entity-accent entity-underline inline cursor-pointer align-baseline\"><span class=\"whitespace-normal\">Hormuz<\/span><\/span>.<\/p>\n<p data-start=\"2925\" data-end=\"3148\" id=\"p-10\">\u201eLe-am distrus marina, pentru c\u0103, \u0219ti\u021bi, c\u00e2nd le distrugi marina, nu mai pot face ce voiau s\u0103 fac\u0103\u201d, a mai spus el.<\/p>\n","protected":false},"excerpt":{"rendered":"<p>\u201eIranul nu mai este aceea\u0219i \u021bar\u0103 ca acum o s\u0103pt\u0103m\u00e2n\u0103\u201d, a spus el pentru CNN \u00eentr-un scurt interviu telefonic. \u201eAcum o s\u0103pt\u0103m\u00e2n\u0103 erau puternici, iar acum au fost \u00eentr-adev\u0103r neutraliza\u021bi.\u201d &hellip; <a href=\"https:\/\/microscopemedia.com\/?p=680415\" class=\"more-link\">Read More<\/a><\/p>\n","protected":false},"author":1,"featured_media":680416,"comment_status":"closed","ping_status":"closed","sticky":false,"template":"Default","format":"standard","meta":[],"categories":[1],"tags":[],"_links":{"self":[{"href":"https:\/\/microscopemedia.com\/index.php?rest_route=\/wp\/v2\/posts\/680415"}],"collection":[{"href":"https:\/\/microscopemedia.com\/index.php?rest_route=\/wp\/v2\/posts"}],"about":[{"href":"https:\/\/microscopemedia.com\/index.php?rest_route=\/wp\/v2\/types\/post"}],"author":[{"embeddable":true,"href":"https:\/\/microscopemedia.com\/index.php?rest_route=\/wp\/v2\/users\/1"}],"replies":[{"embeddable":true,"href":"https:\/\/microscopemedia.com\/index.php?rest_route=%2Fwp%2Fv2%2Fcomments&post=680415"}],"version-history":[{"count":0,"href":"https:\/\/microscopemedia.com\/index.php?rest_route=\/wp\/v2\/posts\/680415\/revisions"}],"wp:featuredmedia":[{"embeddable":true,"href":"https:\/\/microscopemedia.com\/index.php?rest_route=\/wp\/v2\/media\/680416"}],"wp:attachment":[{"href":"https:\/\/microscopemedia.com\/index.php?rest_route=%2Fwp%2Fv2%2Fmedia&parent=680415"}],"wp:term":[{"taxonomy":"category","embeddable":true,"href":"https:\/\/microscopemedia.com\/index.php?rest_route=%2Fwp%2Fv2%2Fcategories&post=680415"},{"taxonomy":"post_tag","embeddable":true,"href":"https:\/\/microscopemedia.com\/index.php?rest_route=%2Fwp%2Fv2%2Ftags&post=680415"}],"curies":[{"name":"wp","href":"https:\/\/api.w.org\/{rel}","templated":true}]}}