{"id":680419,"date":"2026-03-06T17:56:03","date_gmt":"2026-03-06T17:56:03","guid":{"rendered":"https:\/\/microscopemedia.com\/?p=680419"},"modified":"2026-03-06T17:56:03","modified_gmt":"2026-03-06T17:56:03","slug":"zelenski-admite-ca-nu-si-viziteaza-prea-des-copiii-pentru-ca-este-si-periculos-ce-spune-despre-o-noua-candidatura-la-prezidentiale","status":"publish","type":"post","link":"https:\/\/microscopemedia.com\/?p=680419","title":{"rendered":"Zelenski admite c\u0103 nu-\u0219i viziteaz\u0103 \u201eprea des\u201d copiii, pentru c\u0103 \u201eeste \u0219i periculos\u201d. Ce spune despre o nou\u0103 candidatur\u0103 la preziden\u021biale"},"content":{"rendered":"<div><img decoding=\"async\" src=\"https:\/\/microscopemedia.com\/wp-content\/uploads\/2026\/03\/zelenski-admite-ca-nu-si-viziteaza-prea-des-copiii-pentru-ca-este-si-periculos-ce-spune-despre-o-noua-candidatura-la-prezidentiale.jpg\" class=\"ff-og-image-inserted\"><\/div>\n<p id=\"p-0\">Volodimir Zelenski a povestit, \u00een podcastul publica\u021biei The Independent, c\u0103 \u00een actualul context al r\u0103zboiului lansat de Rusia, acesta nu \u00ee\u0219i vede \u201eprea des\u201d familia, recunosc\u00e2nd c\u0103 \u00ee\u0219i viziteaz\u0103 copiii \u0219i so\u021bia rar, pentru&nbsp; c\u0103 \u201eeste \u0219i periculos\u201d.<\/p>\n<p id=\"p-1\">\u201eCopiii no\u0219tri, la \u0219coal\u0103, \u00eenva\u021b\u0103 \u0219i trebuie s\u0103 fug\u0103 foarte repede la ad\u0103posturi. Trebuie s\u0103 o fac\u0103. Nu conteaz\u0103 unde studiaz\u0103, \u00een capital\u0103 sau mai aproape de linia frontului, pentru c\u0103 rachetele nu aleg unde s\u0103 loveasc\u0103. Ele aduc doar distrugere\u201d, a spus Zelenski \u00een cadrul podcastului <span><a href=\"https:\/\/www.independent.co.uk\/news\/world\/europe\/zelensky-ukraine-family-wife-war-russia-b2931840.html\" target=\"_blank\" rel=\"noopener\">The Independent.<\/a><\/span><\/p>\n<p id=\"p-2\">\u00cen aceste condi\u021bii, Zelenski petrece pu\u021bin timp cu so\u021bia sa, Olena Zelenska, sau cu cei doi copii ai s\u0103i \u2013 un b\u0103iat \u0219i o fat\u0103 \u00een v\u00e2rst\u0103 de 13, respectiv 21 de ani.<\/p>\n<p id=\"p-3\">Ei locuiesc \u00eentr-o loca\u021bie secret\u0103, la fel ca \u0219i el. \u00ce\u0219i viziteaz\u0103 familia \u201enu prea des\u201d, \u00eentruc\u00e2t \u0219tie c\u0103 este supravegheat intens \u0219i este \u021binta spionajului din partea serviciilor secrete ruse.<\/p>\n<p id=\"p-4\">\u00cen cadrul interviului pentru sursa citat\u0103, Zelenski a afirmat c\u0103 acum trebuie s\u0103 fie atent cu privire la persoanele pe care le viziteaz\u0103, dar \u0219i locurile \u00een care merge.<\/p>\n<p id=\"p-5\">El \u0219tie c\u0103 acest lucru le va face \u021binta campaniilor aeriene ale Rusiei sau a atacurilor locale prin intermediari, care implic\u0103 ucraineni recruta\u021bi pentru bani sau prin \u0219antaj.<\/p>\n<p id=\"p-6\">\u201eLa fel este \u0219i pentru familia mea \u2013 de aceea \u00eencerc s\u0103 nu merg prea des \u00een anumite locuri\u201d, a declarat el pentru podcastul publica\u021biei The Independent.<\/p>\n<h2 id=\"chapter-0\">Inten\u021biile privind o nou\u0103 candidatur\u0103 la preziden\u021biale<\/h2>\n<p id=\"p-7\">Zelenski a fost \u00eentrebat, \u00een cadrul podcastului, \u0219i ce planuri are \u00een privin\u021ba unei noi candidaturi pentru func\u021bia de pre\u0219edinte al Ucrainei. \u00cen prezent, \u021bara se afl\u0103 sub lege mar\u021bial\u0103, astfel c\u0103 nu pot fi organizate alegeri de niciun fel.<\/p>\n<p id=\"p-8\">\u201eNu sunt sigur c\u0103 a\u0219 face-o\u201d, a declarat el pentru sursa citat\u0103. \u201e\u00cen primul r\u00e2nd, pentru c\u0103 nu po\u021bi fi pre\u0219edintele pe care toat\u0103 lumea \u00eel iube\u0219te. \u00cen\u021beleg asta. E \u00een regul\u0103. \u2026 E p\u0103cat! Dar trebuie s\u0103 recunoa\u0219tem acest lucru. Dar nu vreau s\u0103 fiu fiu pre\u0219edintele care candideaz\u0103 la alegeri, dar \u0219tie c\u0103 va ie\u0219i pe ultimul loc \u0219i apoi folose\u0219te resursele administrative pentru campania sa\u201d, a ad\u0103ugat Zelenski.<\/p>\n","protected":false},"excerpt":{"rendered":"<p>Volodimir Zelenski a povestit, \u00een podcastul publica\u021biei The Independent, c\u0103 \u00een actualul context al r\u0103zboiului lansat de Rusia, acesta nu \u00ee\u0219i vede \u201eprea des\u201d familia, recunosc\u00e2nd c\u0103 \u00ee\u0219i viziteaz\u0103 copiii &hellip; <a href=\"https:\/\/microscopemedia.com\/?p=680419\" class=\"more-link\">Read More<\/a><\/p>\n","protected":false},"author":1,"featured_media":680420,"comment_status":"closed","ping_status":"closed","sticky":false,"template":"Default","format":"standard","meta":[],"categories":[1],"tags":[],"_links":{"self":[{"href":"https:\/\/microscopemedia.com\/index.php?rest_route=\/wp\/v2\/posts\/680419"}],"collection":[{"href":"https:\/\/microscopemedia.com\/index.php?rest_route=\/wp\/v2\/posts"}],"about":[{"href":"https:\/\/microscopemedia.com\/index.php?rest_route=\/wp\/v2\/types\/post"}],"author":[{"embeddable":true,"href":"https:\/\/microscopemedia.com\/index.php?rest_route=\/wp\/v2\/users\/1"}],"replies":[{"embeddable":true,"href":"https:\/\/microscopemedia.com\/index.php?rest_route=%2Fwp%2Fv2%2Fcomments&post=680419"}],"version-history":[{"count":0,"href":"https:\/\/microscopemedia.com\/index.php?rest_route=\/wp\/v2\/posts\/680419\/revisions"}],"wp:featuredmedia":[{"embeddable":true,"href":"https:\/\/microscopemedia.com\/index.php?rest_route=\/wp\/v2\/media\/680420"}],"wp:attachment":[{"href":"https:\/\/microscopemedia.com\/index.php?rest_route=%2Fwp%2Fv2%2Fmedia&parent=680419"}],"wp:term":[{"taxonomy":"category","embeddable":true,"href":"https:\/\/microscopemedia.com\/index.php?rest_route=%2Fwp%2Fv2%2Fcategories&post=680419"},{"taxonomy":"post_tag","embeddable":true,"href":"https:\/\/microscopemedia.com\/index.php?rest_route=%2Fwp%2Fv2%2Ftags&post=680419"}],"curies":[{"name":"wp","href":"https:\/\/api.w.org\/{rel}","templated":true}]}}