{"id":680431,"date":"2026-03-06T19:16:04","date_gmt":"2026-03-06T19:16:04","guid":{"rendered":"https:\/\/microscopemedia.com\/?p=680431"},"modified":"2026-03-06T19:16:04","modified_gmt":"2026-03-06T19:16:04","slug":"comisia-europeana-reactioneaza-dupa-ce-zelenski-l-a-amenintat-pe-viktor-orban-acest-tip-de-limbaj-este-inacceptabil","status":"publish","type":"post","link":"https:\/\/microscopemedia.com\/?p=680431","title":{"rendered":"Comisia European\u0103 reac\u021bioneaz\u0103 dup\u0103 ce Zelenski l-a amenin\u021bat pe Viktor Orban: \u201eAcest tip de limbaj este inacceptabil\u201d"},"content":{"rendered":"<div><img decoding=\"async\" src=\"https:\/\/microscopemedia.com\/wp-content\/uploads\/2026\/03\/comisia-europeana-reactioneaza-dupa-ce-zelenski-l-a-amenintat-pe-viktor-orban-acest-tip-de-limbaj-este-inacceptabil.jpg\" class=\"ff-og-image-inserted\"><\/div>\n<p id=\"p-0\">Vineri, Comisia European\u0103 a reac\u021bionat la amenin\u021b\u0103rile lansate de Volodimir Zelenski la adresa premierului Ungariei, subliniind c\u0103 limbajul folosit de liderul ucrainean este \u201einacceptabil\u201d.<\/p>\n<p id=\"p-1\">\u201e\u00cen ceea ce prive\u0219te \u00een mod specific comentariile f\u0103cute de pre\u0219edintele Zelenski, noi, Comisia European\u0103, suntem foarte clari c\u0103 acest tip de limbaj este inacceptabil. Nu trebuie s\u0103 existe amenin\u021b\u0103ri la adresa statelor membre ale UE\u201d, a declarat vineri reporterilor Olof Gill, purt\u0103torul de cuv\u00e2nt adjunct al Comisiei, potrivit <span><a href=\"https:\/\/www.politico.eu\/article\/eu-to-volodymyr-zelenskyy-dial-down-not-acceptable-rhetoric-against-hungary-viktor-orban\/\" target=\"_blank\" rel=\"noopener\">POLITICO<\/a><\/span>.<\/p>\n<p id=\"p-2\">Oficialul a mai subliniat c\u0103 \u201e\u00een acest moment, retorica este din ce \u00een ce mai aprins\u0103 \u0219i inflamatoare. Consider\u0103m c\u0103 o astfel de retoric\u0103 din partea tuturor p\u0103r\u021bilor nu este nici util\u0103, nici propice pentru atingerea obiectivelor comune pe care le avem cu to\u021bii aici\u201d. Gill a ad\u0103ugat c\u0103 Bruxellesul \u201epoart\u0103 discu\u021bii active cu toate p\u0103r\u021bile\u201d \u0219i le \u00eendeamn\u0103 s\u0103 \u201ese calmeze pu\u021bin\u201d \u0219i s\u0103 \u201emodereze retorica\u201d.<\/p>\n<h2 id=\"chapter-0\">De unde a \u00eenceput disputa Zelenski-Orban<\/h2>\n<p id=\"p-3\">Totul a \u00eenceput joi, c\u00e2nd Zelenski a f\u0103cut o serie de comentarii \u00een contextul bloc\u0103rii unui pachet de sprijin financiar pentru Ucraina, estimat la aproximativ 90 de miliarde de euro.<\/p>\n<p id=\"p-4\" data-start=\"1919\" data-end=\"2090\">Zelenski a criticat faptul c\u0103 o singur\u0103 persoan\u0103 din Uniunea European\u0103 ar putea bloca ajutorul militar necesar armatei ucrainene.<\/p>\n<p id=\"p-5\" data-start=\"2092\" data-end=\"2271\">\u201eSper\u0103m c\u0103 o anumit\u0103 persoan\u0103 din UE nu va continua s\u0103 blocheze cele 90 de miliarde sau prima tran\u0219\u0103 din aceast\u0103 sum\u0103 \u0219i c\u0103 solda\u021bii ucraineni vor avea arme\u201d, a declarat Zelenski, mesajul fiind interpretat drept o adresare c\u0103tre premierul ungar.<\/p>\n<p id=\"p-6\" data-start=\"2273\" data-end=\"2429\">El a ad\u0103ugat \u00eentr-o formulare interpretat\u0103 de unii drept amenin\u021b\u0103toare c\u0103, \u00een caz contrar, Ucraina ar putea transmite \u201eadresa acelei persoane\u201d armatei sale.<\/p>\n<p id=\"p-7\" data-start=\"2431\" data-end=\"2600\">\u201e\u00cen caz contrar, vom da adresa acestei persoane for\u021belor noastre armate, b\u0103ie\u021bilor no\u0219tri. S\u0103-l sune \u0219i s\u0103 vorbeasc\u0103 cu el, pe limba lor\u201d, a spus pre\u0219edintele ucrainean.<\/p>\n<p data-start=\"2431\" data-end=\"2600\" id=\"p-8\">Pe de alt\u0103 parte, Ungaria s-a sim\u021bit jignit\u0103 de remarcile f\u0103cute de Zelenski, \u00een timp ce principala nemul\u021bumire a lui Orb\u00e1n r\u0103m\u00e2ne oprirea fluxului de petrol rusesc prin conducta Drujba din era sovietic\u0103, pe care Budapesta consider\u0103 c\u0103 Kievul a oprit-o \u00een mod deliberat.<\/p>\n","protected":false},"excerpt":{"rendered":"<p>Vineri, Comisia European\u0103 a reac\u021bionat la amenin\u021b\u0103rile lansate de Volodimir Zelenski la adresa premierului Ungariei, subliniind c\u0103 limbajul folosit de liderul ucrainean este \u201einacceptabil\u201d. \u201e\u00cen ceea ce prive\u0219te \u00een mod &hellip; <a href=\"https:\/\/microscopemedia.com\/?p=680431\" class=\"more-link\">Read More<\/a><\/p>\n","protected":false},"author":1,"featured_media":680432,"comment_status":"closed","ping_status":"closed","sticky":false,"template":"Default","format":"standard","meta":[],"categories":[1],"tags":[],"_links":{"self":[{"href":"https:\/\/microscopemedia.com\/index.php?rest_route=\/wp\/v2\/posts\/680431"}],"collection":[{"href":"https:\/\/microscopemedia.com\/index.php?rest_route=\/wp\/v2\/posts"}],"about":[{"href":"https:\/\/microscopemedia.com\/index.php?rest_route=\/wp\/v2\/types\/post"}],"author":[{"embeddable":true,"href":"https:\/\/microscopemedia.com\/index.php?rest_route=\/wp\/v2\/users\/1"}],"replies":[{"embeddable":true,"href":"https:\/\/microscopemedia.com\/index.php?rest_route=%2Fwp%2Fv2%2Fcomments&post=680431"}],"version-history":[{"count":0,"href":"https:\/\/microscopemedia.com\/index.php?rest_route=\/wp\/v2\/posts\/680431\/revisions"}],"wp:featuredmedia":[{"embeddable":true,"href":"https:\/\/microscopemedia.com\/index.php?rest_route=\/wp\/v2\/media\/680432"}],"wp:attachment":[{"href":"https:\/\/microscopemedia.com\/index.php?rest_route=%2Fwp%2Fv2%2Fmedia&parent=680431"}],"wp:term":[{"taxonomy":"category","embeddable":true,"href":"https:\/\/microscopemedia.com\/index.php?rest_route=%2Fwp%2Fv2%2Fcategories&post=680431"},{"taxonomy":"post_tag","embeddable":true,"href":"https:\/\/microscopemedia.com\/index.php?rest_route=%2Fwp%2Fv2%2Ftags&post=680431"}],"curies":[{"name":"wp","href":"https:\/\/api.w.org\/{rel}","templated":true}]}}