{"id":680439,"date":"2026-03-06T20:06:04","date_gmt":"2026-03-06T20:06:04","guid":{"rendered":"https:\/\/microscopemedia.com\/?p=680439"},"modified":"2026-03-06T20:06:04","modified_gmt":"2026-03-06T20:06:04","slug":"gabriel-biris-critica-dur-oug-7-idei-bune-implementare-horror-probleme-pentru-masinile-in-leasing","status":"publish","type":"post","link":"https:\/\/microscopemedia.com\/?p=680439","title":{"rendered":"Gabriel Biri\u0219 critic\u0103 dur OUG 7: \u201eIdei bune, implementare horror\u201d. Probleme pentru ma\u0219inile \u00een leasing"},"content":{"rendered":"<div><img decoding=\"async\" src=\"https:\/\/microscopemedia.com\/wp-content\/uploads\/2026\/03\/gabriel-biris-critica-dur-oug-7-idei-bune-implementare-horror-probleme-pentru-masinile-in-leasing.jpg\" class=\"ff-og-image-inserted\"><\/div>\n<p data-start=\"389\" data-end=\"569\" id=\"p-0\">Economistul <strong data-start=\"401\" data-end=\"418\">Gabriel Biri\u0219<\/strong> critic\u0103 dur prevederile din <strong data-start=\"447\" data-end=\"456\">OUG 7<\/strong>, atr\u0103g\u00e2nd aten\u021bia c\u0103 actul normativ ar putea genera noi probleme administrative \u0219i blocaje pentru contribuabili.<\/p>\n<p data-start=\"571\" data-end=\"656\" id=\"p-1\">Acesta spune c\u0103 situa\u021bia reflect\u0103 modul \u00een care sunt redactate unele legi \u00een Rom\u00e2nia.<\/p>\n<p data-start=\"660\" data-end=\"777\" id=\"p-2\">\u201e<strong>Din nou despre \u00abnoi muncim, noi nu g\u00e2ndim\u00bb\u2026 De fapt nu noi, ci \u00abde\u0219tep\u021bii\u00bb no\u0219tri ce scriu legile!<\/strong>\u201d, afirm\u0103<a href=\"https:\/\/www.mediafax.ro\/economic\/haos-dupa-oug-decizia-guvernului-care-poate-lasa-cumparatorii-cu-banii-dati-si-fara-apartament-avertismentul-lui-gabriel-biris-23693594\"> Biri\u0219<\/a>.<\/p>\n<p data-start=\"779\" data-end=\"927\" id=\"p-3\">Economistul precizeaz\u0103 c\u0103 a mai semnalat probleme legate de aceast\u0103 ordonan\u021b\u0103, intrat\u0103 \u00een vigoare pe 25 februarie, la scurt timp dup\u0103 publicarea ei.<\/p>\n<p data-start=\"931\" data-end=\"1098\" id=\"p-4\">\u201eAm scris despre problema generat\u0103 de intrarea \u00een vigoare pe 25.02 a OUG 7, publicat\u0103 pe 25.02 la ora 23:19. Acum am dat de alt\u0103 belea \u00een aceea\u0219i OUG 7\u201d, spune acesta.<\/p>\n<h2 data-start=\"1100\" data-end=\"1156\" id=\"chapter-0\">Obliga\u021bia certificatului fiscal, extins\u0103 \u0219i la ma\u0219ini<\/h2>\n<p data-start=\"1158\" data-end=\"1401\" id=\"p-5\">Potrivit economistului, ordonan\u021ba introduce obligativitatea prezent\u0103rii <strong data-start=\"1230\" data-end=\"1304\">certificatului fiscal de la Direc\u021bia de Impozite \u0219i Taxe Locale (DITL)<\/strong> nu doar pentru tranzac\u021biile cu case \u0219i terenuri, ci \u0219i pentru v\u00e2nzarea sau transferul ma\u0219inilor.<\/p>\n<p data-start=\"1405\" data-end=\"1551\" id=\"p-6\">\u201ePrezentarea certificatului fiscal de la DITL de c\u0103tre cump\u0103r\u0103tor este obligatorie nu numai la case sau terenuri, ci \u0219i la ma\u0219ini\u201d, explic\u0103 Biri\u0219.<\/p>\n<p data-start=\"1553\" data-end=\"1681\" id=\"p-7\">Acesta spune \u00eens\u0103 c\u0103 prevederea ridic\u0103 mari semne de \u00eentrebare \u00een cazul autoturismelor achizi\u021bionate prin <strong data-start=\"1659\" data-end=\"1680\">leasing financiar<\/strong>.<\/p>\n<h2 data-start=\"1683\" data-end=\"1746\" id=\"chapter-1\">Semne de \u00eentrebare pentru zecile de mii de ma\u0219ini \u00een leasing<\/h2>\n<p data-start=\"1748\" data-end=\"1936\" id=\"p-8\">Biri\u0219 atrage aten\u021bia c\u0103, \u00een cazul leasingului financiar, impozitul local este pl\u0103tit de utilizatorul ma\u0219inii, nu de firma de leasing care de\u021bine juridic bunul p\u00e2n\u0103 la finalul contractului.<\/p>\n<p data-start=\"1940\" data-end=\"2107\" id=\"p-9\">\u201eOK. Ce facem \u00eens\u0103 cu zecile de mii de ma\u0219ini luate \u00een leasing financiar (pentru care oricum plata impozitului local e datorat\u0103 de utilizator)?\u201d, \u00eentreab\u0103 economistul.<\/p>\n<p data-start=\"2109\" data-end=\"2268\" id=\"p-10\">El avertizeaz\u0103 c\u0103 noua regul\u0103 ar putea duce la situa\u021bii absurde \u00een care transferul de proprietate este blocat, de\u0219i utilizatorul \u0219i-a pl\u0103tit toate obliga\u021biile.<\/p>\n<p data-start=\"2272\" data-end=\"2421\" id=\"p-11\">\u201eR\u0103m\u00e2n firmele de leasing cu ele pe stoc? Nu le mai transfer\u0103 proprietatea utilizatorilor dac\u0103 au datorii la DITL, de\u0219i sunt pl\u0103tite?\u201d, afirm\u0103 Biri\u0219.<\/p>\n<h2 data-start=\"2423\" data-end=\"2478\" id=\"chapter-2\">Riscul pentru clien\u021bi: rate pl\u0103tite, dar f\u0103r\u0103 ma\u0219in\u0103<\/h2>\n<p data-start=\"2480\" data-end=\"2650\" id=\"p-12\">Economistul ridic\u0103 \u0219i problema riscului pentru clien\u021bii care au pl\u0103tit integral ratele \u0219i impozitele locale, dar ar putea depinde de situa\u021bia fiscal\u0103 a firmei de leasing.<\/p>\n<p data-start=\"2654\" data-end=\"2869\" id=\"p-13\">\u201e<strong>\u0218i eu, dac\u0103 am o ma\u0219in\u0103 \u00een leasing, ce m\u0103 fac dac\u0103 la sf\u00e2r\u0219it aflu c\u0103 firma de leasing nu \u0219i-a pl\u0103tit cine \u0219tie ce impozit local? R\u0103m\u00e2n f\u0103r\u0103 ma\u0219ina pentru care am pl\u0103tit \u0219i ratele \u0219i impozitul local?<\/strong>\u201d, spune Biri\u0219.<\/p>\n<h2 data-start=\"2871\" data-end=\"2912\" id=\"chapter-3\">Critici la adresa valului de ordonan\u021be<\/h2>\n<p data-start=\"2914\" data-end=\"3063\" id=\"p-14\">\u00cen final, economistul lanseaz\u0103 un apel c\u0103tre autorit\u0103\u021bi s\u0103 opreasc\u0103 adoptarea rapid\u0103 a ordonan\u021belor de urgen\u021b\u0103 f\u0103r\u0103 o analiz\u0103 suficient\u0103 a efectelor.<\/p>\n<p data-start=\"3067\" data-end=\"3236\" id=\"p-15\">\u201eDomnule Ilie Bolojan, sincer, cred c\u0103 trebuie s\u0103 opri\u021bi avalan\u0219a asta de OUG-uri, pur \u0219i simplu nu are cine s\u0103 vi le scrie! Idei bune, implementare horror!\u201d, afirm\u0103 el.<\/p>\n<p data-start=\"3238\" data-end=\"3314\" id=\"p-16\">Biri\u0219 ironizeaz\u0103 \u0219i reac\u021biile politice la criticile aduse actelor normative.<\/p>\n<p data-start=\"3318\" data-end=\"3451\" id=\"p-17\">\u201e\u00cel a\u0219tept \u0219i pe dl. Cseke Attila s\u0103 vorbeasc\u0103 din nou de \u00abafirma\u021bii arbitrare\u00bb, c\u0103 deh!, guvernarea te face s\u0103 te crezi infailibil!\u201d<\/p>\n<p data-start=\"3453\" data-end=\"3576\" id=\"p-18\">Economistul spune c\u0103 exist\u0103 riscul ca autorit\u0103\u021bile s\u0103 fie nevoite s\u0103 intervin\u0103 din nou legislativ pentru a corecta erorile.<\/p>\n<p data-start=\"3580\" data-end=\"3689\" data-is-last-node id=\"p-19\">\u201e<strong>A\u0219tept\u0103m acum o alt\u0103 OUG, care s\u0103 corecteze alte t\u00e2mpenii f\u0103cute \u00een trecutul mai mult sau mai pu\u021bin recent.<\/strong>\u201d<\/p>\n","protected":false},"excerpt":{"rendered":"<p>Economistul Gabriel Biri\u0219 critic\u0103 dur prevederile din OUG 7, atr\u0103g\u00e2nd aten\u021bia c\u0103 actul normativ ar putea genera noi probleme administrative \u0219i blocaje pentru contribuabili. Acesta spune c\u0103 situa\u021bia reflect\u0103 modul &hellip; <a href=\"https:\/\/microscopemedia.com\/?p=680439\" class=\"more-link\">Read More<\/a><\/p>\n","protected":false},"author":1,"featured_media":680440,"comment_status":"closed","ping_status":"closed","sticky":false,"template":"Default","format":"standard","meta":[],"categories":[1],"tags":[],"_links":{"self":[{"href":"https:\/\/microscopemedia.com\/index.php?rest_route=\/wp\/v2\/posts\/680439"}],"collection":[{"href":"https:\/\/microscopemedia.com\/index.php?rest_route=\/wp\/v2\/posts"}],"about":[{"href":"https:\/\/microscopemedia.com\/index.php?rest_route=\/wp\/v2\/types\/post"}],"author":[{"embeddable":true,"href":"https:\/\/microscopemedia.com\/index.php?rest_route=\/wp\/v2\/users\/1"}],"replies":[{"embeddable":true,"href":"https:\/\/microscopemedia.com\/index.php?rest_route=%2Fwp%2Fv2%2Fcomments&post=680439"}],"version-history":[{"count":0,"href":"https:\/\/microscopemedia.com\/index.php?rest_route=\/wp\/v2\/posts\/680439\/revisions"}],"wp:featuredmedia":[{"embeddable":true,"href":"https:\/\/microscopemedia.com\/index.php?rest_route=\/wp\/v2\/media\/680440"}],"wp:attachment":[{"href":"https:\/\/microscopemedia.com\/index.php?rest_route=%2Fwp%2Fv2%2Fmedia&parent=680439"}],"wp:term":[{"taxonomy":"category","embeddable":true,"href":"https:\/\/microscopemedia.com\/index.php?rest_route=%2Fwp%2Fv2%2Fcategories&post=680439"},{"taxonomy":"post_tag","embeddable":true,"href":"https:\/\/microscopemedia.com\/index.php?rest_route=%2Fwp%2Fv2%2Ftags&post=680439"}],"curies":[{"name":"wp","href":"https:\/\/api.w.org\/{rel}","templated":true}]}}