{"id":680441,"date":"2026-03-06T20:16:03","date_gmt":"2026-03-06T20:16:03","guid":{"rendered":"https:\/\/microscopemedia.com\/?p=680441"},"modified":"2026-03-06T20:16:03","modified_gmt":"2026-03-06T20:16:03","slug":"oana-toiu-peste-1-000-de-romani-repatriati-din-orientul-mijlociu-ministrul-respinge-informatiile-despre-o-minora-exclusa-din-zborul-de-evacuare","status":"publish","type":"post","link":"https:\/\/microscopemedia.com\/?p=680441","title":{"rendered":"Oana \u021aoiu: Peste 1.000 de rom\u00e2ni repatria\u021bi din Orientul Mijlociu. Ministrul respinge informa\u021biile despre o minor\u0103 exclus\u0103 din zborul de evacuare"},"content":{"rendered":"<div><img decoding=\"async\" src=\"https:\/\/microscopemedia.com\/wp-content\/uploads\/2026\/03\/oana-toiu-peste-1-000-de-romani-repatriati-din-orientul-mijlociu-ministrul-respinge-informatiile-despre-o-minora-exclusa-din-zborul-de-evacuare.jpg\" class=\"ff-og-image-inserted\"><\/div>\n<p data-start=\"379\" data-end=\"734\" id=\"p-0\">Ministrul a precizat c\u0103 acesta a fost <a href=\"https:\/\/www.mediafax.ro\/politic\/127-de-romani-afectati-de-criza-de-securitate-din-orientul-mijlociu-se-intorc-cu-un-zbor-de-evacuare-23698521\">primul zbor<\/a> organizat de Rom\u00e2nia prin mecanismul european \u0219i c\u0103 repatrierea a fost gratuit\u0103 at\u00e2t pentru rom\u00e2ni, c\u00e2t \u0219i pentru al\u021bi cet\u0103\u021beni europeni afla\u021bi \u00een regiune. \u00cen acela\u0219i timp, Rom\u00e2nia a participat \u0219i la evacuarea unor cet\u0103\u021beni rom\u00e2ni vulnerabili sau cu probleme medicale \u00een colaborare cu alte state europene.<\/p>\n<p data-start=\"736\" data-end=\"907\" id=\"p-1\">Potrivit \u0219efei diploma\u021biei rom\u00e2ne, odat\u0103 cu aceast\u0103 curs\u0103 aerian\u0103, num\u0103rul total al rom\u00e2nilor reveni\u021bi \u00een \u021bar\u0103 din Orientul Mijlociu a dep\u0103\u0219it pragul de 1000 de persoane.<\/p>\n<p data-start=\"909\" data-end=\"1213\" id=\"p-2\">Ministrul a mul\u021bumit celulei de criz\u0103 a Ministerului Afacerilor Externe, misiunilor diplomatice din statele afectate de bombardamente, echipajelor companiilor aeriene care au continuat s\u0103 zboare \u00een regiune, precum \u0219i agen\u021biilor de turism care au organizat curse charter de repatriere din fonduri private.<\/p>\n<p data-start=\"1215\" data-end=\"1571\" id=\"p-3\">\u0218efa diploma\u021biei a avertizat c\u0103 exist\u0103 \u00een continuare cet\u0103\u021beni rom\u00e2ni, inclusiv minori, care a\u0219teapt\u0103 s\u0103 revin\u0103 \u00een siguran\u021b\u0103 \u00een \u021bar\u0103, iar autorit\u0103\u021bile continu\u0103 eforturile pentru evacuarea lor. \u00cen statele unde situa\u021bia de securitate permite, au fost activate planuri de transfer terestru c\u0103tre \u021b\u0103ri cu spa\u021biul aerian deschis, urmate de repatrieri asistate.<\/p>\n<p data-start=\"1573\" data-end=\"1799\" id=\"p-4\">Ministrul a precizat c\u0103 este preg\u0103tit \u0219i un nou zbor de evacuare destinat \u00een special cazurilor vulnerabile sau aflate \u00een situa\u021bii de risc, \u00een cooperare cu partenerii europeni \u0219i cu sprijinul autorit\u0103\u021bilor din statele afectate.<\/p>\n<p data-start=\"1801\" data-end=\"1970\" id=\"p-5\">Totodat\u0103, oficialul a f\u0103cut apel la rom\u00e2nii afla\u021bi \u00een regiune s\u0103 utilizeze, atunci c\u00e2nd este posibil, zborurile comerciale \u0219i s\u0103 nu a\u0219tepte cursele speciale de evacuare.<\/p>\n<p data-start=\"1972\" data-end=\"2109\" id=\"p-6\">\u201eZborurile de evacuare sunt excep\u021bia \u0219i pot acoperi doar o mic\u0103 parte din totalul cazurilor din spa\u021biul respectiv\u201d, a explicat ministrul.<\/p>\n<p data-start=\"2111\" data-end=\"2366\" id=\"p-7\">Repatrierea se realizeaz\u0103, \u00een principal, prin planuri individuale \u0219i rute comerciale, cu sprijin consular, iar doar un num\u0103r limitat de persoane poate fi inclus pe zborurile speciale, \u00een func\u021bie de capacitatea aeronavelor \u0219i de cazurile semnalate oficial.<\/p>\n<p data-start=\"2368\" data-end=\"2708\" id=\"p-8\">Ministrul a oferit \u0219i o serie de clarific\u0103ri \u00een leg\u0103tur\u0103 cu informa\u021biile ap\u0103rute \u00een spa\u021biul public despre modul de alocare a locurilor \u00een avionul Muscat\u2013Otopeni. Ea a afirmat c\u0103 aeronava a fost ocupat\u0103 integral pe locurile alocate Rom\u00e2niei \u0219i a catalogat drept fals\u0103 informa\u021bia potrivit c\u0103reia acestea nu ar fi fost utilizate la capacitate.<\/p>\n<p data-start=\"2710\" data-end=\"2955\" id=\"p-9\">De asemenea, ministrul a spus c\u0103 rom\u00e2nii inclu\u0219i \u00een procesul de repatriere s-au \u00eenregistrat \u00een bazele de date comunicate de Ministerul Afacerilor Externe \u00eenc\u0103 de la \u00eenceputul crizei sau au trimis solicit\u0103ri la adresele oficiale ale consulatelor.<\/p>\n<p data-start=\"2957\" data-end=\"3184\" id=\"p-10\">\u00cen acest context, oficialul a precizat c\u0103 \u00een aceste baze de date nu a fost identificat\u0103 o cerere de asisten\u021b\u0103 pentru cazul unei minore ne\u00eenso\u021bite \u0219i nici o notificare \u00een aplica\u021bia de c\u0103l\u0103torii privind prezen\u021ba acesteia \u00een zon\u0103.<\/p>\n<p data-start=\"3186\" data-end=\"3339\" id=\"p-11\">Ministrul a respins \u0219i informa\u021biile potrivit c\u0103rora <a href=\"https:\/\/www.mediafax.ro\/politic\/gandul-fata-minora-a-lui-victor-ponta-interzisa-la-imbarcarea-in-autocarul-care-transporta-copii-din-dubai-in-aeroportul-din-oman-pentru-a-i-aduce-acasa-23697776\">o minor\u0103 ar fi fost dat\u0103 jos dintr-un autobuz sau dintr-un avion \u00een timpul opera\u021biunilor de evacuare<\/a>.<\/p>\n<p data-start=\"3341\" data-end=\"3531\" id=\"p-12\">\u201eNu avem raport\u0103ri care s\u0103 indice, niciunde \u00een lume, c\u0103 un minor ar fi fost dat jos din transferurile sau zborurile organizate de noi sau asistate de echipele consulare\u201d, a precizat aceasta.<\/p>\n<p data-start=\"3533\" data-end=\"3834\" id=\"p-13\">Potrivit \u0219efei diploma\u021biei, consulul din teren a men\u021bionat ulterior cazul unei minore ne\u00eenso\u021bite, iar r\u0103spunsul ei a fost ca orice modificare a listei de pasageri s\u0103 respecte regulile stabilite \u0219i criteriile de vulnerabilitate, astfel \u00eenc\u00e2t toate cazurile similare s\u0103 beneficieze de acela\u0219i tratament.<\/p>\n<p data-start=\"3836\" data-end=\"4075\" id=\"p-14\">Ministrul a mai spus c\u0103, potrivit informa\u021biilor pe care le de\u021bine, zborul de evacuare nu a suferit modific\u0103ri fa\u021b\u0103 de confirm\u0103rile formale realizate de consulat, iar minora ar fi avut la dispozi\u021bie \u00eenc\u0103 de joi op\u021biuni sigure de repatriere.<\/p>\n<p data-start=\"4077\" data-end=\"4354\" id=\"p-15\">Oficialul a subliniat c\u0103 prioritatea autorit\u0103\u021bilor r\u0103m\u00e2ne sprijinirea rom\u00e2nilor afla\u021bi \u00een situa\u021bii de risc, prin cre\u0219terea num\u0103rului de zboruri comerciale disponibile, prioritizarea cazurilor vulnerabile \u0219i asigurarea accesului transparent la informa\u021bii prin canalele oficiale.<\/p>\n","protected":false},"excerpt":{"rendered":"<p>Ministrul a precizat c\u0103 acesta a fost primul zbor organizat de Rom\u00e2nia prin mecanismul european \u0219i c\u0103 repatrierea a fost gratuit\u0103 at\u00e2t pentru rom\u00e2ni, c\u00e2t \u0219i pentru al\u021bi cet\u0103\u021beni europeni &hellip; <a href=\"https:\/\/microscopemedia.com\/?p=680441\" class=\"more-link\">Read More<\/a><\/p>\n","protected":false},"author":1,"featured_media":680442,"comment_status":"closed","ping_status":"closed","sticky":false,"template":"Default","format":"standard","meta":[],"categories":[1],"tags":[],"_links":{"self":[{"href":"https:\/\/microscopemedia.com\/index.php?rest_route=\/wp\/v2\/posts\/680441"}],"collection":[{"href":"https:\/\/microscopemedia.com\/index.php?rest_route=\/wp\/v2\/posts"}],"about":[{"href":"https:\/\/microscopemedia.com\/index.php?rest_route=\/wp\/v2\/types\/post"}],"author":[{"embeddable":true,"href":"https:\/\/microscopemedia.com\/index.php?rest_route=\/wp\/v2\/users\/1"}],"replies":[{"embeddable":true,"href":"https:\/\/microscopemedia.com\/index.php?rest_route=%2Fwp%2Fv2%2Fcomments&post=680441"}],"version-history":[{"count":0,"href":"https:\/\/microscopemedia.com\/index.php?rest_route=\/wp\/v2\/posts\/680441\/revisions"}],"wp:featuredmedia":[{"embeddable":true,"href":"https:\/\/microscopemedia.com\/index.php?rest_route=\/wp\/v2\/media\/680442"}],"wp:attachment":[{"href":"https:\/\/microscopemedia.com\/index.php?rest_route=%2Fwp%2Fv2%2Fmedia&parent=680441"}],"wp:term":[{"taxonomy":"category","embeddable":true,"href":"https:\/\/microscopemedia.com\/index.php?rest_route=%2Fwp%2Fv2%2Fcategories&post=680441"},{"taxonomy":"post_tag","embeddable":true,"href":"https:\/\/microscopemedia.com\/index.php?rest_route=%2Fwp%2Fv2%2Ftags&post=680441"}],"curies":[{"name":"wp","href":"https:\/\/api.w.org\/{rel}","templated":true}]}}