{"id":680469,"date":"2026-03-07T03:46:04","date_gmt":"2026-03-07T03:46:04","guid":{"rendered":"https:\/\/microscopemedia.com\/?p=680469"},"modified":"2026-03-07T03:46:04","modified_gmt":"2026-03-07T03:46:04","slug":"adrian-caciu-psd-ati-vazut-vreo-deplasare-a-lui-bolojan-in-oman-sau-emirate-ca-sa-coordoneze-repatrierea-romanilor-din-zona-de-conflict","status":"publish","type":"post","link":"https:\/\/microscopemedia.com\/?p=680469","title":{"rendered":"Adrian C\u00e2ciu (PSD): \u201eA\u021bi v\u0103zut vreo deplasare a lui Bolojan \u00een Oman sau Emirate ca sa coordoneze repatrierea rom\u00e2nilor din zona de conflict?\u201d"},"content":{"rendered":"<div><img decoding=\"async\" src=\"https:\/\/microscopemedia.com\/wp-content\/uploads\/2026\/03\/adrian-caciu-psd-ati-vazut-vreo-deplasare-a-lui-bolojan-in-oman-sau-emirate-ca-sa-coordoneze-repatrierea-romanilor-din-zona-de-conflict.jpg\" class=\"ff-og-image-inserted\"><\/div>\n<p id=\"p-0\">Adrian C\u00e2ciu, deputat PSD \u0219i fost ministru al Finan\u021belor \u00eei repro\u0219eaz\u0103 premierului Ilie Bolojan \u0219i ministrei de Externe Oana \u021aoiu faptul c\u0103 nu s-au deplasat \u00een Orientul Mijlociu pentru a coordona de la fa\u021ba locului repatrierea cet\u0103\u021benilor rom\u00e2ni<\/p>\n<p id=\"p-1\">\u201eA\u021bi v\u0103zut vreo deplasare a lui Bolojan \u00een Oman sau Emirate ca sa coordoneze repatrierea rom\u00e2nilor din zona de conflict? Sau a Oanei \u021aoiu? Nu a\u021bi v\u0103zut! \u0218i nici nu o s\u0103 vedeti!<\/p>\n<p id=\"p-2\">Pentru c\u0103 habar nu au cum se comport\u0103 un om de stat \u00een situatii de criza!\u201d, a scris Adrian C\u00e2ciu pe Facebook.<\/p>\n<p id=\"p-3\">Parlamentarul PSD ofer\u0103 drept exemplu de profesionalism ac\u021biunile \u00een zona Orientului Mijlociu ale fostului premier Marcel Ciolacu.<\/p>\n<p id=\"p-4\">\u201eDe\u0219i au exemple recente despre cum au ac\u021bionat doi oameni de stat, un premier \u0219i o ministra de externe de un profesionalism des\u0103v\u00e2r\u0219it, \u00een anii 2023 si 2024! Dou\u0103 exemple v\u0103 dau! Poate le-a\u021bi uitat! Poate asta \u00eesi doresc to\u021bi ne\u00eemplini\u021bii \u0103stia de la USR ca voi sa fi uitat cum trebuie sa ac\u021bioneze un om de stat c\u00e2nd rom\u00e2nii sunt \u00een pericol! Episodul 1. Razboi Gaza, noiembrie 2023. Rom\u00e2ni bloca\u021bi, situatie critica. Premierul Ciolacu \u0219i ministra de externe Odobescu, au intalniri cu cei din Israel, pleaca \u00een Egipt si revin \u00een Rom\u00e2nia reusind repatrierea a 93 de rom\u00e2ni \u0219i familiile acestora \u00een acelasi avion. \u0218i stabilind fluxurile ca toti rom\u00e2nii afla\u021bi \u00een zona de conflict s\u0103 fie repatria\u021bi. Au fost acolo, au discutat direct, au preluat rom\u00e2ni \u0219i i-au adus acas\u0103! Noiembrie 2023!\u201d se arat\u0103 \u00een postare.<\/p>\n<p id=\"p-5\">Adrian C\u00e2ciu \u00ee\u0219i sus\u021bine afirma\u021biile cu materiale de pres\u0103 din momentele relatate \u0219i cu fotografii din avion.<\/p>\n<p id=\"p-6\">Un al doilea episod evocat de C\u00e2ciu este aprilie 2024, c\u00e2nd \u00een Dubai au avut loc inunda\u021bii masive.<\/p>\n<p id=\"p-7\">\u201ePremierul Ciolacu si ministra de externe Odobescu erau \u00een vizit\u0103 extern\u0103 \u00een Qatar \u0219i Emiratele Arabe Unite.<\/p>\n<p id=\"p-8\">Ajung in EAU, incep ploi toren\u021biale, inunda\u021bii masive se blocheaza tot, se anuleaza toate zborurile, rom\u00e2nii r\u0103m\u00e2n blocati \u00een aeroport.<\/p>\n<p id=\"p-9\">Pentru c\u0103 erau situa\u021bii critice, premierul Ciolacu a facut diligen\u021bele astfel inc\u00e2t 20 de copii si 2 \u00eensotitori s\u0103 fie urca\u021bi \u00een avionul cu care se \u00eentorcea aeronava din Dubai c\u0103tre Bucures\u021bi, parte din delega\u021bie r\u0103m\u00e2nand sa vin\u0103 cu alt\u0103 curs\u0103.<\/p>\n<p id=\"p-10\">Pentru c\u0103\u2026a\u0219a se face, dac\u0103 \u00eeti pas\u0103 de rom\u00e2ni\u201d, a transmis Adrian C\u00e2ciu.<\/p>\n<p id=\"p-11\">Repro\u0219urile continu\u0103, iar deputatul C\u00e2ciu precizeaz\u0103 c\u0103 \u0219i familia sa a fost blocat\u0103 \u00een aeroport atunci, dar c\u0103 nu a cerut tratament preferen\u021bial de\u0219i era ministru la acea vreme.<\/p>\n<p id=\"p-12\">\u201eUseristii nu vor \u00eentelege nimic! Nici Bolojan!<\/p>\n<p id=\"p-13\">Pentru c\u0103 lor nu le pas\u0103 de rom\u00e2ni, nu stiu cum e s\u0103 ai un copil speriat uitat intr-un aeroport aflat la peste 3 mii de km de \u021bara!<\/p>\n<p id=\"p-14\">PS: si eu am avut atunci familia blocata, acolo, \u00een aeroport, \u00een aprilie 2024!<\/p>\n<p id=\"p-15\">Eram ministru, dar nu am apelat la nimeni, pentru c\u0103 mi s-a p\u0103rut de bun sim\u021b ca autoritatile rom\u00e2ne s\u0103 se preocupe cu prioritate de cet\u0103\u021benii rom\u00e2ni normali, nu de familia unui demnitar al statului rom\u00e2n!<\/p>\n<p id=\"p-16\">Dar \u0219tiu c\u00e2t de speria\u021bi erau copiii mei \u00een acea noapte de dup\u0103 furtuna cand toate zborurile fusesera anulate iar nimeni de acolo nu \u0219tia c\u00e2nd se va stabiliza situatia.<\/p>\n<p id=\"p-17\">Nu am spus nim\u0103nui din zona politic\u0103 de situa\u021bia familiei mele. Ne-am rezolvat problemele discret, astept\u00e2nd s\u0103 se reia zborurile. Pentru c\u0103 a\u0219a e normal!\u201d, a conchis Adrian C\u00e2ciu.<\/p>\n","protected":false},"excerpt":{"rendered":"<p>Adrian C\u00e2ciu, deputat PSD \u0219i fost ministru al Finan\u021belor \u00eei repro\u0219eaz\u0103 premierului Ilie Bolojan \u0219i ministrei de Externe Oana \u021aoiu faptul c\u0103 nu s-au deplasat \u00een Orientul Mijlociu pentru a &hellip; <a href=\"https:\/\/microscopemedia.com\/?p=680469\" class=\"more-link\">Read More<\/a><\/p>\n","protected":false},"author":1,"featured_media":680470,"comment_status":"closed","ping_status":"closed","sticky":false,"template":"Default","format":"standard","meta":[],"categories":[1],"tags":[],"_links":{"self":[{"href":"https:\/\/microscopemedia.com\/index.php?rest_route=\/wp\/v2\/posts\/680469"}],"collection":[{"href":"https:\/\/microscopemedia.com\/index.php?rest_route=\/wp\/v2\/posts"}],"about":[{"href":"https:\/\/microscopemedia.com\/index.php?rest_route=\/wp\/v2\/types\/post"}],"author":[{"embeddable":true,"href":"https:\/\/microscopemedia.com\/index.php?rest_route=\/wp\/v2\/users\/1"}],"replies":[{"embeddable":true,"href":"https:\/\/microscopemedia.com\/index.php?rest_route=%2Fwp%2Fv2%2Fcomments&post=680469"}],"version-history":[{"count":0,"href":"https:\/\/microscopemedia.com\/index.php?rest_route=\/wp\/v2\/posts\/680469\/revisions"}],"wp:featuredmedia":[{"embeddable":true,"href":"https:\/\/microscopemedia.com\/index.php?rest_route=\/wp\/v2\/media\/680470"}],"wp:attachment":[{"href":"https:\/\/microscopemedia.com\/index.php?rest_route=%2Fwp%2Fv2%2Fmedia&parent=680469"}],"wp:term":[{"taxonomy":"category","embeddable":true,"href":"https:\/\/microscopemedia.com\/index.php?rest_route=%2Fwp%2Fv2%2Fcategories&post=680469"},{"taxonomy":"post_tag","embeddable":true,"href":"https:\/\/microscopemedia.com\/index.php?rest_route=%2Fwp%2Fv2%2Ftags&post=680469"}],"curies":[{"name":"wp","href":"https:\/\/api.w.org\/{rel}","templated":true}]}}