{"id":680491,"date":"2026-03-07T06:36:03","date_gmt":"2026-03-07T06:36:03","guid":{"rendered":"https:\/\/microscopemedia.com\/?p=680491"},"modified":"2026-03-07T06:36:03","modified_gmt":"2026-03-07T06:36:03","slug":"trump-a-manifestat-in-discutii-private-un-interes-serios-pentru-desfasurarea-trupelor-terestre-americane-in-iran-ce-spune-casa-alba","status":"publish","type":"post","link":"https:\/\/microscopemedia.com\/?p=680491","title":{"rendered":"Trump a manifestat, \u00een discu\u021bii private, un \u201einteres serios\u201d pentru desf\u0103\u0219urarea trupelor terestre americane \u00een Iran \/ Ce spune Casa Alb\u0103"},"content":{"rendered":"<div><img decoding=\"async\" src=\"https:\/\/microscopemedia.com\/wp-content\/uploads\/2026\/03\/trump-a-manifestat-in-discutii-private-un-interes-serios-pentru-desfasurarea-trupelor-terestre-americane-in-iran-ce-spune-casa-alba.jpg\" class=\"ff-og-image-inserted\"><\/div>\n<p id=\"p-0\">Pre\u0219edintele american Donald Trump a exprimat, \u00een discu\u021bii private, un \u201einteres serios\u201d pentru desf\u0103\u0219urarea de trupe terestre \u00een Iran, potrivit a doi oficiali americani, unui fost oficial american \u0219i unei alte persoane care are cuno\u0219tin\u021b\u0103 despre conversa\u021bii.<\/p>\n<p id=\"p-1\">Informa\u021bia a fost publicat\u0103 \u00een exclusivitate de <span><a href=\"https:\/\/www.nbcnews.com\/politics\/white-house\/trump-privately-shown-serious-interest-us-ground-troops-iran-rcna262176\" target=\"_blank\" rel=\"noopener\">NBC News<\/a><\/span> \u0219i subliniaz\u0103 c\u0103 afirma\u021biile f\u0103cute de Trump \u00een privat nu s-au concentrat pe o invazie terestr\u0103 la scar\u0103 larg\u0103 a Iranului, ci mai mult pe ideea unui mic contingent de trupe americane care ar fi utilizat \u00een scopuri strategice specifice, mai spun sursele pentru NBC News.<\/p>\n<p id=\"p-2\">Pre\u0219edintele american a purtat discu\u021bii despre aceast\u0103 idee cu oficiali republicani din afara Casei Albe, prezent\u00e2nd \u00een acela\u0219i timp viziunea sa pentru un Iran postbelic \u00een care uraniul iranian este \u00een siguran\u021b\u0103.<\/p>\n<p id=\"p-3\">Sursele au mai afirmat pentru NBC News, c\u0103 Trump nu a luat nicio decizie \u0219i nu a dat niciun ordin care s\u0103 aib\u0103 leg\u0103tur\u0103 cu trupele terestre.<\/p>\n<h2 id=\"chapter-0\">Reac\u021bia Casei Albe<\/h2>\n<p id=\"p-4\">Casa Alb\u0103 a reac\u021bionat \u00een urma acestor informa\u021bii, calific\u00e2nd c\u0103 sursele nu fac parte din echipa de securitate a lui Trump \u0219i nu sunt puse la curent cu discu\u021biile.<\/p>\n<p id=\"p-5\">\u201eAceast\u0103 poveste se bazeaz\u0103 pe presupuneri ale unor surse anonime care nu fac parte din echipa de securitate na\u021bional\u0103 a pre\u0219edintelui \u0219i care, \u00een mod evident, nu sunt la curent cu aceste discu\u021bii. Pre\u0219edintele Trump p\u0103streaz\u0103 \u00eentotdeauna, \u00een mod \u00een\u021belept, toate op\u021biunile deschise, dar oricine \u00eencearc\u0103 s\u0103 insinueze c\u0103 el este \u00een favoarea unei op\u021biuni sau a alteia dovede\u0219te c\u0103 nu are un loc real la masa discu\u021biilor\u201d, a declarat Karoline Leavitt, secretarul de pres\u0103 al Casei Albe, potrivit unui comunicat citat de NBC News.<\/p>\n<p id=\"p-6\">Joi, \u00eentr-un interviu telefonic acordat NBC News, <span><a href=\"https:\/\/www.mediafax.ro\/externe\/trump-exclude-invazia-terestra-in-iran-o-pierdere-de-timp-au-pierdut-deja-totul-23698323\">Trump a exclus<\/a><\/span> trimiterea trupelor terestre \u00een Iran, numind-o \u201eo pierdere de timp\u201d.<\/p>\n<p id=\"p-7\">\u201eEste o pierdere de timp. Au pierdut totul. Au pierdut marina. Au pierdut tot ce puteau pierde\u201d, a spus pre\u0219edintele american.<\/p>\n<p id=\"p-8\">R\u0103zboiul din Orientul Mijlociu a intrat \u00een ziua a opta, iar ultimele informa\u021bii pot fi citite <span><a href=\"https:\/\/www.mediafax.ro\/externe\/razboi-in-orientul-mijlociu-ziua-8-un-sistem-anti-drone-american-va-fi-trimis-in-orientul-mijlociu-sua-ar-putea-ridica-sanctiunile-asupra-petrolului-rusesc-pe-fondul-impasului-din-stramtoarea-ormu-23698821\" target=\"_blank\" rel=\"noopener\">AICI<\/a><\/span>.<\/p>\n","protected":false},"excerpt":{"rendered":"<p>Pre\u0219edintele american Donald Trump a exprimat, \u00een discu\u021bii private, un \u201einteres serios\u201d pentru desf\u0103\u0219urarea de trupe terestre \u00een Iran, potrivit a doi oficiali americani, unui fost oficial american \u0219i unei &hellip; <a href=\"https:\/\/microscopemedia.com\/?p=680491\" class=\"more-link\">Read More<\/a><\/p>\n","protected":false},"author":1,"featured_media":680492,"comment_status":"closed","ping_status":"closed","sticky":false,"template":"Default","format":"standard","meta":[],"categories":[1],"tags":[],"_links":{"self":[{"href":"https:\/\/microscopemedia.com\/index.php?rest_route=\/wp\/v2\/posts\/680491"}],"collection":[{"href":"https:\/\/microscopemedia.com\/index.php?rest_route=\/wp\/v2\/posts"}],"about":[{"href":"https:\/\/microscopemedia.com\/index.php?rest_route=\/wp\/v2\/types\/post"}],"author":[{"embeddable":true,"href":"https:\/\/microscopemedia.com\/index.php?rest_route=\/wp\/v2\/users\/1"}],"replies":[{"embeddable":true,"href":"https:\/\/microscopemedia.com\/index.php?rest_route=%2Fwp%2Fv2%2Fcomments&post=680491"}],"version-history":[{"count":0,"href":"https:\/\/microscopemedia.com\/index.php?rest_route=\/wp\/v2\/posts\/680491\/revisions"}],"wp:featuredmedia":[{"embeddable":true,"href":"https:\/\/microscopemedia.com\/index.php?rest_route=\/wp\/v2\/media\/680492"}],"wp:attachment":[{"href":"https:\/\/microscopemedia.com\/index.php?rest_route=%2Fwp%2Fv2%2Fmedia&parent=680491"}],"wp:term":[{"taxonomy":"category","embeddable":true,"href":"https:\/\/microscopemedia.com\/index.php?rest_route=%2Fwp%2Fv2%2Fcategories&post=680491"},{"taxonomy":"post_tag","embeddable":true,"href":"https:\/\/microscopemedia.com\/index.php?rest_route=%2Fwp%2Fv2%2Ftags&post=680491"}],"curies":[{"name":"wp","href":"https:\/\/api.w.org\/{rel}","templated":true}]}}