{"id":680495,"date":"2026-03-07T06:56:04","date_gmt":"2026-03-07T06:56:04","guid":{"rendered":"https:\/\/microscopemedia.com\/?p=680495"},"modified":"2026-03-07T06:56:04","modified_gmt":"2026-03-07T06:56:04","slug":"armata-sua-viza-o-zona-din-apropierea-scolii-iraniene-bombardate-potrivit-unor-surse","status":"publish","type":"post","link":"https:\/\/microscopemedia.com\/?p=680495","title":{"rendered":"Armata SUA viza o zon\u0103 din apropierea \u0219colii iraniene bombardate, potrivit unor surse"},"content":{"rendered":"<div><img decoding=\"async\" src=\"https:\/\/microscopemedia.com\/wp-content\/uploads\/2026\/03\/armata-sua-viza-o-zona-din-apropierea-scolii-iraniene-bombardate-potrivit-unor-surse.png\" class=\"ff-og-image-inserted\"><\/div>\n<p id=\"p-0\">O \u0219coal\u0103 iranian\u0103 a fost bombardat\u0103 s\u0103pt\u0103m\u00e2na trecut\u0103, la debutul atacurilor comune SUA-Israel \u00eempotriva Iranului. Zeci de elevi \u0219i-au pierdut via\u021ba \u00een urma acestui atac. La o s\u0103pt\u0103m\u00e2na de la atac, apar noi informa\u021bii despre cine poart\u0103 responsabilitatea pentru aceast\u0103 tragedie.<\/p>\n<p id=\"p-1\">Oficialii administra\u021biei Trump au declarat membrilor Congresului, \u00eentr-o \u0219edin\u021b\u0103 cu u\u0219ile \u00eenchise s\u0103pt\u0103m\u00e2na aceasta, c\u0103 Statele Unite vizau acea zon\u0103, au declarat doi oficiali americani pentru <span><a href=\"https:\/\/www.nbcnews.com\/world\/iran\/iran-school-strike-us-military-targeted-area-rcna261888\" target=\"_blank\" rel=\"noopener\">NBC News<\/a><\/span>.<\/p>\n<p id=\"p-2\">Oficialii administra\u021biei au mai precizat c\u0103 Israelul nu este responsabil pentru bombardarea acestei \u0219coli, potrivit surselor NBC News.<\/p>\n<p id=\"p-3\">Informa\u021bia vine \u00een contextul \u00een care <strong>\u0219coala era situat\u0103 pe o fost\u0103 baz\u0103 a G\u0103rzii Revolu\u021bionare Islamice, \u00eens\u0103 care a fost \u00eenchis\u0103 \u00een urm\u0103 cu 15 ani<\/strong>.<\/p>\n<h2 id=\"chapter-0\">Anchet\u0103 \u00een curs de desf\u0103\u0219urare<\/h2>\n<p id=\"p-4\">Dup\u0103 aceast\u0103 tragedie, Statele Unite nu \u0219i-au asumat responsabilitatea pentru atacuri. Totu\u0219i, concluziile preliminare ale administra\u021biei Trump arat\u0103 c\u0103 este din ce \u00een ce mai probabil s\u0103 fi fost utilizate muni\u021bii americane \u00een acest atac, mai noteaz\u0103 NBC News. O anchet\u0103 militar\u0103 american\u0103 este \u00een curs de desf\u0103\u0219urare.<\/p>\n<p id=\"p-5\">Pe de alt\u0103 parte, \u00een cadrul unei conferin\u021be de pres\u0103 din aceast\u0103 s\u0103pt\u0103m\u00e2n\u0103, secretarul american al Ap\u0103r\u0103rii, Pete Hegseth, a declarat c\u0103 Washingtonul \u00eenc\u0103 \u201einvestigheaz\u0103\u201d acest incident.<\/p>\n<p id=\"p-6\">\u201eDesigur, noi nu viz\u0103m niciodat\u0103 \u021binte civile, dar analiz\u0103m \u0219i investig\u0103m acest incident\u201d, a spus Hegseth, potrivit sursei citate.<\/p>\n<p id=\"p-7\">Dup\u0103 producerea atacului, unii exper\u021bi \u00een arme \u0219i conflicte consulta\u021bi de NBC News spun c\u0103 imaginile din satelit p\u0103reau s\u0103 reflecte un atac \u021bintit. Al\u021bii subliniaz\u0103 c\u0103 f\u0103r\u0103 a cunoa\u0219te \u021binta vizat\u0103 a atacurilor, este dificil s\u0103 se spun\u0103 dac\u0103 pagubele reflectau lovituri \u201eprecise\u201d.<\/p>\n<p id=\"p-8\">Vineri,<span><a href=\"https:\/\/www.mediafax.ro\/externe\/reuters-o-ancheta-americana-indica-o-posibila-responsabilitate-a-sua-in-atacul-asupra-unei-scoli-de-fete-din-iran-23698241\"> Reuters relata<\/a><\/span>, cit\u00e2nd dou\u0103 surse oficiale americane, c\u0103 evaluarea preliminar\u0103 indic\u0103&nbsp;posibilitatea ca for\u021bele americane s\u0103 fi provocat&nbsp;<span><a href=\"https:\/\/www.mediafax.ro\/stirile-zilei\/onu-bombardamentul-de-la-scoala-de-fete-din-iran-ar-putea-fi-considerat-crima-de-razboi-23696446\">atacul asupra unei \u0219coli de fete din ora\u0219ul Minab.<\/a><\/span><\/p>\n","protected":false},"excerpt":{"rendered":"<p>O \u0219coal\u0103 iranian\u0103 a fost bombardat\u0103 s\u0103pt\u0103m\u00e2na trecut\u0103, la debutul atacurilor comune SUA-Israel \u00eempotriva Iranului. Zeci de elevi \u0219i-au pierdut via\u021ba \u00een urma acestui atac. La o s\u0103pt\u0103m\u00e2na de la &hellip; <a href=\"https:\/\/microscopemedia.com\/?p=680495\" class=\"more-link\">Read More<\/a><\/p>\n","protected":false},"author":1,"featured_media":680496,"comment_status":"closed","ping_status":"closed","sticky":false,"template":"Default","format":"standard","meta":[],"categories":[1],"tags":[],"_links":{"self":[{"href":"https:\/\/microscopemedia.com\/index.php?rest_route=\/wp\/v2\/posts\/680495"}],"collection":[{"href":"https:\/\/microscopemedia.com\/index.php?rest_route=\/wp\/v2\/posts"}],"about":[{"href":"https:\/\/microscopemedia.com\/index.php?rest_route=\/wp\/v2\/types\/post"}],"author":[{"embeddable":true,"href":"https:\/\/microscopemedia.com\/index.php?rest_route=\/wp\/v2\/users\/1"}],"replies":[{"embeddable":true,"href":"https:\/\/microscopemedia.com\/index.php?rest_route=%2Fwp%2Fv2%2Fcomments&post=680495"}],"version-history":[{"count":0,"href":"https:\/\/microscopemedia.com\/index.php?rest_route=\/wp\/v2\/posts\/680495\/revisions"}],"wp:featuredmedia":[{"embeddable":true,"href":"https:\/\/microscopemedia.com\/index.php?rest_route=\/wp\/v2\/media\/680496"}],"wp:attachment":[{"href":"https:\/\/microscopemedia.com\/index.php?rest_route=%2Fwp%2Fv2%2Fmedia&parent=680495"}],"wp:term":[{"taxonomy":"category","embeddable":true,"href":"https:\/\/microscopemedia.com\/index.php?rest_route=%2Fwp%2Fv2%2Fcategories&post=680495"},{"taxonomy":"post_tag","embeddable":true,"href":"https:\/\/microscopemedia.com\/index.php?rest_route=%2Fwp%2Fv2%2Ftags&post=680495"}],"curies":[{"name":"wp","href":"https:\/\/api.w.org\/{rel}","templated":true}]}}