{"id":680503,"date":"2026-03-07T07:56:03","date_gmt":"2026-03-07T07:56:03","guid":{"rendered":"https:\/\/microscopemedia.com\/?p=680503"},"modified":"2026-03-07T07:56:03","modified_gmt":"2026-03-07T07:56:03","slug":"politia-capitalei-dupa-cazul-de-la-marius-nasta-indicii-ca-urma-sa-puna-in-aplicare-amenintarile","status":"publish","type":"post","link":"https:\/\/microscopemedia.com\/?p=680503","title":{"rendered":"Poli\u021bia Capitalei, dup\u0103 cazul de la \u201eMarius Nasta\u201d: indicii c\u0103 urma s\u0103 pun\u0103 \u00een aplicare amenin\u021b\u0103rile"},"content":{"rendered":"<div><img decoding=\"async\" src=\"https:\/\/microscopemedia.com\/wp-content\/uploads\/2026\/03\/politia-capitalei-dupa-cazul-de-la-marius-nasta-indicii-ca-urma-sa-puna-in-aplicare-amenintarile.jpg\" class=\"ff-og-image-inserted\"><\/div>\n<p id=\"p-0\">Cazul a fost sesizat poli\u021bi\u0219tilor joi, \u00een jurul orei 12:35. Doctori\u021ba de la \u201eMarius Nasta\u201d, \u00een v\u00e2rst\u0103 de 49 de ani, a depus pl\u00e2ngere penal\u0103 la Sec\u021bia 18. Ea a spus c\u0103 \u00een timp ce se afla \u00een exercitarea atribu\u021biilor de serviciu ca medic la unitatea medical\u0103 din Sectorul 5, a fost amenin\u021bat\u0103 telefonic cu acte de violen\u021b\u0103, inclusiv cu moartea.<\/p>\n<p id=\"p-1\">Din verific\u0103rile efectuate a reie\u0219it faptul c\u0103 apelul ar fi fost efectuat de c\u0103tre un b\u0103rbat care s-a recomandat ca fiind fratele unei paciente, ce ar fi decedat anterior, ca urmare a unor afec\u021biuni de care suferea \u0219i implicit, insuficien\u021b\u0103 cardiac\u0103.<\/p>\n<p id=\"p-2\">\u00cen urma cercet\u0103rilor desf\u0103\u0219urate de poli\u021bi\u0219ti, a fost identificat un b\u0103rbat, \u00een v\u00e2rst\u0103 de 36 de ani, b\u0103nuit de comiterea faptei.<\/p>\n<p id=\"p-3\">\u201eDe asemenea, din cercet\u0103ri au rezultat indicii potrivit c\u0103rora acesta ar fi inten\u021bionat s\u0103 se deplaseze la unitatea medical\u0103, pentru a pune \u00een aplicare amenin\u021b\u0103rile proferate, motiv pentru care poli\u021bi\u0219tii, \u00eempreun\u0103 cu procurorul de caz, au desf\u0103\u0219urat activit\u0103\u021bi specifice, \u00een scop preventiv, reu\u0219ind astfel s\u0103 pre\u00eent\u00e2mpine producerea unei posibile fapte mai grave\u201d, transmite, s\u00e2mb\u0103t\u0103, Poli\u021bia Capitalei.<\/p>\n<p id=\"p-4\">Organele de cercetare penal\u0103 din cadrul Sec\u021biei 18 Poli\u021bie au dispus vineri seara efectuarea \u00een continuare a urm\u0103ririi penale fa\u021b\u0103 de suspect, sub aspectul s\u0103v\u00e2r\u0219irii infrac\u021biunii de amenin\u021bare.\u00cen baza probatoriului administrat \u00een cauz\u0103, fa\u021b\u0103 de acesta a fost dispus\u0103 <a href=\"https:\/\/www.mediafax.ro\/social\/barbat-retinut-dupa-ce-ar-fi-amenintat-cu-moartea-o-doctorita-de-la-marius-nasta-dupa-decesul-unei-paciente-23698761\" target=\"_blank\" rel=\"noopener\">m\u0103sura re\u021binerii<\/a> pentru 24 de ore, urm\u00e2nd ca b\u0103rbatul s\u0103 fie prezentat procurorului din cadrul Parchetului de pe l\u00e2ng\u0103 Judec\u0103toria Sectorului, cu propunere legal\u0103.<\/p>\n<p id=\"p-5\">Cercet\u0103rile sunt continuate de c\u0103tre poli\u021bi\u0219ti din cadrul Sec\u021biei 18 Poli\u021bie, sub supravegherea Parchetului de pe l\u00e2ng\u0103 Judec\u0103toria Sectorului 5, sub aspectul s\u0103v\u00e2r\u0219irii infrac\u021biunii de amenin\u021bare.<\/p>\n","protected":false},"excerpt":{"rendered":"<p>Cazul a fost sesizat poli\u021bi\u0219tilor joi, \u00een jurul orei 12:35. Doctori\u021ba de la \u201eMarius Nasta\u201d, \u00een v\u00e2rst\u0103 de 49 de ani, a depus pl\u00e2ngere penal\u0103 la Sec\u021bia 18. Ea a &hellip; <a href=\"https:\/\/microscopemedia.com\/?p=680503\" class=\"more-link\">Read More<\/a><\/p>\n","protected":false},"author":1,"featured_media":680504,"comment_status":"closed","ping_status":"closed","sticky":false,"template":"Default","format":"standard","meta":[],"categories":[1],"tags":[],"_links":{"self":[{"href":"https:\/\/microscopemedia.com\/index.php?rest_route=\/wp\/v2\/posts\/680503"}],"collection":[{"href":"https:\/\/microscopemedia.com\/index.php?rest_route=\/wp\/v2\/posts"}],"about":[{"href":"https:\/\/microscopemedia.com\/index.php?rest_route=\/wp\/v2\/types\/post"}],"author":[{"embeddable":true,"href":"https:\/\/microscopemedia.com\/index.php?rest_route=\/wp\/v2\/users\/1"}],"replies":[{"embeddable":true,"href":"https:\/\/microscopemedia.com\/index.php?rest_route=%2Fwp%2Fv2%2Fcomments&post=680503"}],"version-history":[{"count":0,"href":"https:\/\/microscopemedia.com\/index.php?rest_route=\/wp\/v2\/posts\/680503\/revisions"}],"wp:featuredmedia":[{"embeddable":true,"href":"https:\/\/microscopemedia.com\/index.php?rest_route=\/wp\/v2\/media\/680504"}],"wp:attachment":[{"href":"https:\/\/microscopemedia.com\/index.php?rest_route=%2Fwp%2Fv2%2Fmedia&parent=680503"}],"wp:term":[{"taxonomy":"category","embeddable":true,"href":"https:\/\/microscopemedia.com\/index.php?rest_route=%2Fwp%2Fv2%2Fcategories&post=680503"},{"taxonomy":"post_tag","embeddable":true,"href":"https:\/\/microscopemedia.com\/index.php?rest_route=%2Fwp%2Fv2%2Ftags&post=680503"}],"curies":[{"name":"wp","href":"https:\/\/api.w.org\/{rel}","templated":true}]}}