{"id":680507,"date":"2026-03-07T08:26:03","date_gmt":"2026-03-07T08:26:03","guid":{"rendered":"https:\/\/microscopemedia.com\/?p=680507"},"modified":"2026-03-07T08:26:03","modified_gmt":"2026-03-07T08:26:03","slug":"ue-suspenda-calatoriile-fara-viza-pentru-oficialii-georgieni-din-cauza-regresului-democratic-al-tarii","status":"publish","type":"post","link":"https:\/\/microscopemedia.com\/?p=680507","title":{"rendered":"UE suspend\u0103 c\u0103l\u0103toriile f\u0103r\u0103 viz\u0103 pentru oficialii georgieni, din cauza regresului democratic al \u021b\u0103rii"},"content":{"rendered":"<div><img decoding=\"async\" src=\"https:\/\/microscopemedia.com\/wp-content\/uploads\/2026\/03\/ue-suspenda-calatoriile-fara-viza-pentru-oficialii-georgieni-din-cauza-regresului-democratic-al-tarii.jpg\" class=\"ff-og-image-inserted\"><\/div>\n<p id=\"p-0\">Diploma\u021bii, oficialii guvernamentali \u0219i mini\u0219trii georgieni \u0219i-au pierdut privilegiile de c\u0103l\u0103torie f\u0103r\u0103 viz\u0103 \u00een toate \u021b\u0103rile UE. Comisia European\u0103 a decis s\u0103 suspende c\u0103l\u0103toriile f\u0103r\u0103 viz\u0103 ale acestora, pe fondul regresului democratic \u00eenregistrat de Georgia, relateaz\u0103 <span><a href=\"https:\/\/www.dw.com\/en\/eu-suspends-visa-free-travel-for-georgian-officials\/a-76252656\" target=\"_blank\" rel=\"noopener\">Deutsche Welle<\/a><\/span> (DW).<\/p>\n<p id=\"p-1\">Comisia a motivat c\u0103 suspendarea vine ca r\u0103spuns la \u201e\u00eenc\u0103lcarea deliberat\u0103 \u0219i persistent\u0103 de c\u0103tre Georgia\u201d a angajamentelor sale fa\u021b\u0103 de democra\u021bie, dar \u0219i fa\u021b\u0103 de drepturile omului \u0219i drepturile fundamentale.<\/p>\n<p id=\"p-2\">\u0218efa politicii externe a UE, Kaja Kallas, a subliniat, \u00eentr-o declara\u021bie, c\u0103 \u201edac\u0103 un guvern \u00ee\u0219i atac\u0103 propriul popor, reduce la t\u0103cere jurnali\u0219tii \u0219i limiteaz\u0103 libertatea, vor exista consecin\u021be\u201d, mai noteaz\u0103 DW.<\/p>\n<p id=\"p-3\">\u00cen aceste condi\u021bii, diploma\u021bii \u0219i oficialii guvernamentali din Georgia trebuie s\u0103 ob\u021bin\u0103 acum o viz\u0103 \u00eenainte de a intra \u00een \u021b\u0103rile UE. M\u0103sura Comisiei Europene nu se aplic\u0103 \u0219i cet\u0103\u021benilor georgieni. Ace\u0219tia pot c\u0103l\u0103tori \u00een UE \u00een continuare \u00een baza pa\u0219apoartelor biometrice standard, f\u0103r\u0103 a avea nevoie de viz\u0103 pentru \u0219ederi de scurt\u0103 durat\u0103.<\/p>\n<p id=\"p-4\">M\u0103sura anun\u021bat\u0103 de Comisia European\u0103 pentru oficialii \u0219i diploma\u021bii georgieni este \u00een vigoare un an \u0219i poate fi prelungit\u0103 cu \u00eenc\u0103 doi ani dac\u0103 autorit\u0103\u021bile georgiene nu reu\u0219esc s\u0103 rezolve problemele politice actuale.<\/p>\n<h2 id=\"chapter-0\">Regres democratic<\/h2>\n<p id=\"p-5\">Georgia a \u00eenregistrat un regres democratic odat\u0103 cu revendicarea victoriei la alegerile din 2024 de c\u0103tre partidul Visul Georgian. \u00cen \u021bar\u0103 au avut loc proteste ample, iar autorit\u0103\u021bile au r\u0103spuns cu arest\u0103ri \u00een mas\u0103 \u0219i au avut loc episoade de violen\u021b\u0103 din partea poli\u021biei.<\/p>\n<p id=\"p-6\">Dup\u0103 alegerile din 2024, opozi\u0163ia a afirmat c\u0103 votul a fost fraudat sub influen\u0163a Rusiei, care dore\u015fte s\u0103 men\u0163in\u0103 Georgia pe orbita sa, \u015fi a declarat boicotarea parlamentului.<\/p>\n<p id=\"p-7\">De asemenea, Georgia anun\u021ba, la momentul respectiv, c\u0103 suspend\u0103 pentru patru ani discu\u0163iile privind aderarea la UE.<\/p>\n","protected":false},"excerpt":{"rendered":"<p>Diploma\u021bii, oficialii guvernamentali \u0219i mini\u0219trii georgieni \u0219i-au pierdut privilegiile de c\u0103l\u0103torie f\u0103r\u0103 viz\u0103 \u00een toate \u021b\u0103rile UE. Comisia European\u0103 a decis s\u0103 suspende c\u0103l\u0103toriile f\u0103r\u0103 viz\u0103 ale acestora, pe fondul &hellip; <a href=\"https:\/\/microscopemedia.com\/?p=680507\" class=\"more-link\">Read More<\/a><\/p>\n","protected":false},"author":1,"featured_media":680508,"comment_status":"closed","ping_status":"closed","sticky":false,"template":"Default","format":"standard","meta":[],"categories":[1],"tags":[],"_links":{"self":[{"href":"https:\/\/microscopemedia.com\/index.php?rest_route=\/wp\/v2\/posts\/680507"}],"collection":[{"href":"https:\/\/microscopemedia.com\/index.php?rest_route=\/wp\/v2\/posts"}],"about":[{"href":"https:\/\/microscopemedia.com\/index.php?rest_route=\/wp\/v2\/types\/post"}],"author":[{"embeddable":true,"href":"https:\/\/microscopemedia.com\/index.php?rest_route=\/wp\/v2\/users\/1"}],"replies":[{"embeddable":true,"href":"https:\/\/microscopemedia.com\/index.php?rest_route=%2Fwp%2Fv2%2Fcomments&post=680507"}],"version-history":[{"count":0,"href":"https:\/\/microscopemedia.com\/index.php?rest_route=\/wp\/v2\/posts\/680507\/revisions"}],"wp:featuredmedia":[{"embeddable":true,"href":"https:\/\/microscopemedia.com\/index.php?rest_route=\/wp\/v2\/media\/680508"}],"wp:attachment":[{"href":"https:\/\/microscopemedia.com\/index.php?rest_route=%2Fwp%2Fv2%2Fmedia&parent=680507"}],"wp:term":[{"taxonomy":"category","embeddable":true,"href":"https:\/\/microscopemedia.com\/index.php?rest_route=%2Fwp%2Fv2%2Fcategories&post=680507"},{"taxonomy":"post_tag","embeddable":true,"href":"https:\/\/microscopemedia.com\/index.php?rest_route=%2Fwp%2Fv2%2Ftags&post=680507"}],"curies":[{"name":"wp","href":"https:\/\/api.w.org\/{rel}","templated":true}]}}