{"id":680513,"date":"2026-03-07T09:06:03","date_gmt":"2026-03-07T09:06:03","guid":{"rendered":"https:\/\/microscopemedia.com\/?p=680513"},"modified":"2026-03-07T09:06:03","modified_gmt":"2026-03-07T09:06:03","slug":"pamantul-se-incalzeste-mai-repede-decat-se-estimase-anterior-ce-arata-datele-unui-nou-studiu","status":"publish","type":"post","link":"https:\/\/microscopemedia.com\/?p=680513","title":{"rendered":"P\u0103m\u00e2ntul se \u00eenc\u0103lze\u0219te mai repede dec\u00e2t se estimase anterior. Ce arat\u0103 datele unui nou studiu"},"content":{"rendered":"<div><img decoding=\"async\" src=\"https:\/\/microscopemedia.com\/wp-content\/uploads\/2026\/03\/pamantul-se-incalzeste-mai-repede-decat-se-estimase-anterior-ce-arata-datele-unui-nou-studiu.jpg\" class=\"ff-og-image-inserted\"><\/div>\n<p id=\"p-0\">P\u0103m\u00e2ntul se \u00eenc\u0103lze\u0219te mai repede dec\u00e2t se estimase anterior \u2013 aceasta este concluzia la care au ajuns autorii unui nou studiu, publicat recent \u00een revista \u0219tiin\u021bific\u0103 Geophysical Research Letters.<\/p>\n<p id=\"p-1\">Datele arat\u0103 c\u0103 \u00eenc\u0103lzirea planetei a cunoscut o accelerare semnificativ\u0103 \u00een ultimul deceniu, temperaturile cresc\u00e2nd \u00eentr-un ritm mai rapid din 2015 dec\u00e2t \u00een orice deceniu anterior \u00eenregistrat, relateaz\u0103 <span><a href=\"https:\/\/www.bloomberg.com\/news\/articles\/2026-03-06\/earth-is-warming-faster-than-previously-estimated-new-study-shows\" target=\"_blank\" rel=\"noopener\">Bloomberg<\/a><\/span>.<\/p>\n<p id=\"p-2\">Concret, studiul a constatat c\u0103 \u00eenc\u0103lzirea global\u0103 a crescut de la o rat\u0103 de mai pu\u021bin de 0,2\u00b0C pe deceniu \u00eentre 1970 \u0219i 2015, la aproximativ 0,35\u00b0C pe deceniu \u00een ultimii 10 ani.<\/p>\n<p id=\"p-3\">Concluzia \u00eengrijor\u0103toare vine \u00een contextul \u00een care ultimii trei ani au fost cei mai calzi din istorie, \u00een compara\u021bie cu media \u00eenregistrat\u0103 \u00eenaintea Revolu\u021biei Industriale.<\/p>\n<p id=\"p-4\">\u00cen anul 2024, \u00eenc\u0103lzirea a dep\u0103\u0219it 1,5\u00b0C, respectiv limita inferioar\u0103 stabilit\u0103 de Acordul de la Paris. Autorii studiului subliniaz\u0103 c\u0103 dep\u0103\u0219irea acestui obiectiv \u00eentr-un singur an arat\u0103 c\u0103 eforturile de \u00eencetinire a schimb\u0103rilor climatice au fost insuficiente.<\/p>\n<h2 id=\"chapter-0\">Cum au ajuns cercet\u0103torii la aceast\u0103 concluzie<\/h2>\n<p id=\"p-5\">Studiul a avut la baz\u0103 temperaturile record din ultimii ani, care i-au determinat pe oamenii de \u0219tiin\u021b\u0103 s\u0103 se \u00eentrebe dac\u0103 ritmul cre\u0219terii temperaturii este \u0219i el unul mai accelerat.<\/p>\n<p id=\"p-6\">Demonstrarea acestui lucru a fost dificil\u0103 din cauza fluctua\u021biilor naturale ale temperaturilor. Pentru rezultate mai clare, cercet\u0103torii au izolat fenomene precum faza meteorologic\u0103 El Ni\u00f1o, erup\u021biile vulcanice \u0219i radia\u021bia solar\u0103.<\/p>\n<p id=\"p-7\">Ace\u0219tia au analizat cre\u0219terile de temperatur\u0103 f\u0103r\u0103 influen\u021ba acestora \u0219i au constatat c\u0103 exist\u0103 dovezi \u201eputernice\u201d c\u0103 \u00eenc\u0103lzirea accelerat\u0103 nu s-a datorat doar unor temperaturi neobi\u0219nuit de ridicate \u00een 2023 \u0219i 2024, ci \u0219i a faptului c\u0103, \u00eencep\u00e2nd din 2015, temperaturile globale s-au ab\u0103tut de la traiectoria anterioar\u0103.<\/p>\n<p id=\"p-8\">\u201eDac\u0103 rata de \u00eenc\u0103lzire din ultimii 10 ani va continua, aceasta va duce la dep\u0103\u0219irea pe termen lung a limitei de 1,5 \u00b0C prev\u0103zute \u00een Acordul de la Paris \u00eenainte de 2030\u201d, a avertizat Stefan Rahmstorf, autorul principal al studiului.<\/p>\n","protected":false},"excerpt":{"rendered":"<p>P\u0103m\u00e2ntul se \u00eenc\u0103lze\u0219te mai repede dec\u00e2t se estimase anterior \u2013 aceasta este concluzia la care au ajuns autorii unui nou studiu, publicat recent \u00een revista \u0219tiin\u021bific\u0103 Geophysical Research Letters. Datele &hellip; <a href=\"https:\/\/microscopemedia.com\/?p=680513\" class=\"more-link\">Read More<\/a><\/p>\n","protected":false},"author":1,"featured_media":680514,"comment_status":"closed","ping_status":"closed","sticky":false,"template":"Default","format":"standard","meta":[],"categories":[1],"tags":[],"_links":{"self":[{"href":"https:\/\/microscopemedia.com\/index.php?rest_route=\/wp\/v2\/posts\/680513"}],"collection":[{"href":"https:\/\/microscopemedia.com\/index.php?rest_route=\/wp\/v2\/posts"}],"about":[{"href":"https:\/\/microscopemedia.com\/index.php?rest_route=\/wp\/v2\/types\/post"}],"author":[{"embeddable":true,"href":"https:\/\/microscopemedia.com\/index.php?rest_route=\/wp\/v2\/users\/1"}],"replies":[{"embeddable":true,"href":"https:\/\/microscopemedia.com\/index.php?rest_route=%2Fwp%2Fv2%2Fcomments&post=680513"}],"version-history":[{"count":0,"href":"https:\/\/microscopemedia.com\/index.php?rest_route=\/wp\/v2\/posts\/680513\/revisions"}],"wp:featuredmedia":[{"embeddable":true,"href":"https:\/\/microscopemedia.com\/index.php?rest_route=\/wp\/v2\/media\/680514"}],"wp:attachment":[{"href":"https:\/\/microscopemedia.com\/index.php?rest_route=%2Fwp%2Fv2%2Fmedia&parent=680513"}],"wp:term":[{"taxonomy":"category","embeddable":true,"href":"https:\/\/microscopemedia.com\/index.php?rest_route=%2Fwp%2Fv2%2Fcategories&post=680513"},{"taxonomy":"post_tag","embeddable":true,"href":"https:\/\/microscopemedia.com\/index.php?rest_route=%2Fwp%2Fv2%2Ftags&post=680513"}],"curies":[{"name":"wp","href":"https:\/\/api.w.org\/{rel}","templated":true}]}}