{"id":680521,"date":"2026-03-07T09:46:04","date_gmt":"2026-03-07T09:46:04","guid":{"rendered":"https:\/\/microscopemedia.com\/?p=680521"},"modified":"2026-03-07T09:46:04","modified_gmt":"2026-03-07T09:46:04","slug":"video-imaginile-flagrantului-dna-cum-au-primit-mita-sefii-vamii-din-portul-constanta","status":"publish","type":"post","link":"https:\/\/microscopemedia.com\/?p=680521","title":{"rendered":"(VIDEO) Imaginile flagrantului DNA: cum au primit mit\u0103 \u0219efii V\u0103mii din Portul Constan\u021ba"},"content":{"rendered":"<div><img decoding=\"async\" src=\"https:\/\/microscopemedia.com\/wp-content\/uploads\/2026\/03\/video-imaginile-flagrantului-dna-cum-au-primit-mita-sefii-vamii-din-portul-constanta.png\" class=\"ff-og-image-inserted\"><\/div>\n<p id=\"p-0\"><strong>Flagrantul asupra celor 2 \u0219efi din Vama Portului Constan\u021ba a fost depus la dosarul cauzei. Imaginile arat\u0103 cum cei 2 primeau mit\u0103.<\/strong><\/p>\n<p id=\"p-1\"><strong>Judec\u0103torii Tribunalului Bucure\u0219ti au decis ieri sear\u0103 s\u0103 \u00eel aresteze <span class=\"tab\">pentru o perioad\u0103 de 30 de zile fa\u021b\u0103 pe Lic\u0103 Octavian Parfenie. Judec\u0103torii au dispus<\/span><span class=\"tab\">&nbsp;m\u0103sura controlului judiciar pe o perioad\u0103 de 60 de zile, fa\u021b\u0103 de inculpatul Christian Gudu.<\/span><\/strong><\/p>\n<p id=\"p-2\"><span><strong><a href=\"https:\/\/dna.ro\/comunicat.xhtml?id=13608\">DNA a anun\u021bat punerea sub acuzare<\/a><\/strong><\/span> a celor 2 pentru luare de mit\u0103 \u00een form\u0103 continuat\u0103:<\/p>\n<p id=\"p-3\"><span class=\"tab\">\u201d <b>PARFENIE OCTAVIAN-LIC\u0102<\/b>, la data faptei \u0219ef al Biroului Vamal de Frontier\u0103 Constan\u021ba Sud din cadrul Autorit\u0103\u021bii Vamale Rom\u00e2ne \u2013 Direc\u021bia Regional\u0103 Vamal\u0103 Bucure\u0219ti, pentru s\u0103v\u00e2r\u0219irea infrac\u021biunii de luare de mit\u0103 \u00een form\u0103 continuat\u0103 (\u0219ase acte materiale) \u0219i<\/span><\/p>\n<p id=\"p-4\"><span class=\"tab\"><b>GUDU CHRISTIAN<\/b>, la data faptei adjunct al \u0219efului Biroului Vamal de Frontier\u0103 Constan\u021ba Sud din cadrul Autorit\u0103\u021bii Vamale Rom\u00e2ne \u2013 Direc\u021bia Regional\u0103 Vamal\u0103 Bucure\u0219ti, pentru s\u0103v\u00e2r\u0219irea infrac\u021biunii de complicitate la luare de mit\u0103 \u00een form\u0103 continuat\u0103 (dou\u0103 acte materiale).<\/span><\/p>\n<p id=\"p-5\"><span class=\"tab\">\u00cen ordonan\u021ba procurorilor se arat\u0103 c\u0103, \u00een cauz\u0103, exist\u0103 date \u0219i probe care contureaz\u0103 urm\u0103toarea stare de fapt:<\/span><br \/><span class=\"tab\">\u00cen data de 24 noiembrie 2025, inculpatul Parfenie Octavian-Lic\u0103, \u00een calitatea men\u021bionat\u0103 anterior, ar fi pretins, prin intermediul unei alte persoane, de la administratorul unei societ\u0103\u021bi comerciale care desf\u0103\u0219ura activit\u0103\u021bi \u00een Portul Constan\u021ba, sume de bani cuprinse \u00eentre 100 \u0219i 350 de euro pentru fiecare container importat. Aceste sume ar fi fost solicitate \u00een schimbul promisiunii c\u0103 formalit\u0103\u021bile vamale aferente importurilor de m\u0103rfuri transportate \u00een respectivele containere se vor desf\u0103\u0219ura cu prioritate \u0219i f\u0103r\u0103 dificult\u0103\u021bi.<\/span><br \/><span class=\"tab\">Astfel, \u00een perioada decembrie 2025 \u2013 martie 2026, inculpatul Parfenie Octavian-Lic\u0103 ar fi primit, prin intermediul aceleia\u0219i persoane (colaborator \u00een cauz\u0103), suma total\u0103 de 15.100 de euro pentru facilitarea acestor proceduri.<\/span><br \/><span class=\"tab\">\u00cen dou\u0103 dintre situa\u021bii, inculpatul Parfenie Octavian-Lic\u0103 ar fi fost sprijinit de inculpatul Gudu Christian.<\/span><br \/><span class=\"tab\">Celor doi inculpa\u021bi li s-au adus la cuno\u0219tin\u021b\u0103 calitatea procesual\u0103 \u0219i acuza\u021biile penale, \u00een conformitate cu prevederile art. 309 din Codul de procedur\u0103 penal\u0103.<\/span><\/p>\n<p id=\"p-6\"><span class=\"tab\">La data de 06 martie 2026, cei doi inculpa\u021bi vor fi prezenta\u021bi Tribunalului Bucure\u0219ti, cu propunere de arestare preventiv\u0103 pentru 30 de zile.<\/span><\/p>\n<p id=\"p-7\"><span class=\"tab\">\u00cen cauz\u0103, se desf\u0103\u0219oar\u0103 acte de urm\u0103rire penal\u0103 \u0219i fa\u021b\u0103 de alte persoane\u201d.<\/span><\/p>\n","protected":false},"excerpt":{"rendered":"<p>Flagrantul asupra celor 2 \u0219efi din Vama Portului Constan\u021ba a fost depus la dosarul cauzei. Imaginile arat\u0103 cum cei 2 primeau mit\u0103. Judec\u0103torii Tribunalului Bucure\u0219ti au decis ieri sear\u0103 s\u0103 &hellip; <a href=\"https:\/\/microscopemedia.com\/?p=680521\" class=\"more-link\">Read More<\/a><\/p>\n","protected":false},"author":1,"featured_media":680522,"comment_status":"closed","ping_status":"closed","sticky":false,"template":"Default","format":"standard","meta":[],"categories":[1],"tags":[],"_links":{"self":[{"href":"https:\/\/microscopemedia.com\/index.php?rest_route=\/wp\/v2\/posts\/680521"}],"collection":[{"href":"https:\/\/microscopemedia.com\/index.php?rest_route=\/wp\/v2\/posts"}],"about":[{"href":"https:\/\/microscopemedia.com\/index.php?rest_route=\/wp\/v2\/types\/post"}],"author":[{"embeddable":true,"href":"https:\/\/microscopemedia.com\/index.php?rest_route=\/wp\/v2\/users\/1"}],"replies":[{"embeddable":true,"href":"https:\/\/microscopemedia.com\/index.php?rest_route=%2Fwp%2Fv2%2Fcomments&post=680521"}],"version-history":[{"count":0,"href":"https:\/\/microscopemedia.com\/index.php?rest_route=\/wp\/v2\/posts\/680521\/revisions"}],"wp:featuredmedia":[{"embeddable":true,"href":"https:\/\/microscopemedia.com\/index.php?rest_route=\/wp\/v2\/media\/680522"}],"wp:attachment":[{"href":"https:\/\/microscopemedia.com\/index.php?rest_route=%2Fwp%2Fv2%2Fmedia&parent=680521"}],"wp:term":[{"taxonomy":"category","embeddable":true,"href":"https:\/\/microscopemedia.com\/index.php?rest_route=%2Fwp%2Fv2%2Fcategories&post=680521"},{"taxonomy":"post_tag","embeddable":true,"href":"https:\/\/microscopemedia.com\/index.php?rest_route=%2Fwp%2Fv2%2Ftags&post=680521"}],"curies":[{"name":"wp","href":"https:\/\/api.w.org\/{rel}","templated":true}]}}