{"id":680531,"date":"2026-03-07T11:06:03","date_gmt":"2026-03-07T11:06:03","guid":{"rendered":"https:\/\/microscopemedia.com\/?p=680531"},"modified":"2026-03-07T11:06:03","modified_gmt":"2026-03-07T11:06:03","slug":"mircea-abrudean-despre-o-posibila-preluare-a-sefiei-sri-nu-pot-sa-fiu-ipocrit-sa-spun-ca-as-refuza","status":"publish","type":"post","link":"https:\/\/microscopemedia.com\/?p=680531","title":{"rendered":"Mircea Abrudean, despre o posibil\u0103 preluare a \u0219efiei SRI: Nu pot s\u0103 fiu ipocrit s\u0103 spun c\u0103 a\u0219 refuza"},"content":{"rendered":"<div><img decoding=\"async\" src=\"https:\/\/microscopemedia.com\/wp-content\/uploads\/2026\/03\/mircea-abrudean-despre-o-posibila-preluare-a-sefiei-sri-nu-pot-sa-fiu-ipocrit-sa-spun-ca-as-refuza.jpg\" class=\"ff-og-image-inserted\"><\/div>\n<p id=\"p-0\">Pre\u0219edintele Senatului, Mircea Abrudean, a declarat s\u00e2mb\u0103t\u0103, \u00een cadrul emisiunii \u201eInsider Politic\u201d de la Prima TV, c\u0103 nu a discutat cu pre\u0219edintele Nicu\u0219or Dan despre numirea \u00een fruntea SRI, \u00een contextul \u00een care institu\u021bia nu are un director civil \u00een func\u021bie de aproape trei ani.<\/p>\n<p id=\"p-1\">\u201eN-a fost nicio discu\u021bie \u00een aceast\u0103 chestiune. Sigur c\u0103 specula\u021bii exist\u0103 \u00een spa\u021biul public, \u00eentotdeauna vor fi. Eu nu v\u00e2nez func\u021bii. Ocup o pozi\u021bie extrem de onorant\u0103 ca pre\u0219edinte al Senatului \u0219i \u00eencerc s\u0103-mi fac treaba c\u00e2t de bine pot aici. Cred c\u0103 toat\u0103 discu\u021bia despre persoane \u0219i specula\u021biile aferente nu este una adecvat\u0103 momentului\u201d, a afirmat Abrudean s\u00e2mb\u0103t\u0103, la Prima TV.<\/p>\n<p id=\"p-2\">Pre\u0219edintele Senatului a punctat faptul c\u0103 \u00een actualul context geopolitic, este mai important s\u0103 se vorbeasc\u0103 despre consolidarea arhitecturii de securitate a \u021b\u0103rii.<\/p>\n<p id=\"p-3\">Abrudean consider\u0103 c\u0103 numirile, care vor fi f\u0103cute de pre\u0219edintele Nicu\u0219or Dan, \u201evor fi validate \u00een Parlament, pentru c\u0103 vor fi discutate, agreate. E important s\u0103 avem \u0219i aceast\u0103 chestiune \u00eenchis\u0103, c\u00e2t mai cur\u00e2nd\u201d.<\/p>\n<h2 id=\"chapter-0\">Abrudean nu ar refuza o eventual\u0103 propunere de a conduce SRI<\/h2>\n<p id=\"p-4\">\u00cen cadrul interviului, Mircea Abrudean a dat de \u00een\u021beles c\u0103 nu ar refuza s\u0103 conduc\u0103 SRI dac\u0103 pre\u0219edintele Nicu\u0219or Dan i-ar propune aceast\u0103 func\u021bie.<\/p>\n<p id=\"p-5\">\u201e<strong>Nu cred c\u0103 exist\u0103 om politic care ar refuza o astfel de propunere. Nu pot s\u0103 fiu ipocrit s\u0103 spun c\u0103 a\u0219 refuza. Este cu siguran\u021b\u0103 o misiune extrem de important\u0103 pentru \u021bar\u0103 \u0219i dac\u0103 a\u0219 ajunge \u00een aceast\u0103 situa\u021bie, evident n-a\u0219 refuza.<\/strong> Nu este cazul. Momentan vorbim de specula\u021bii \u0219i cred c\u0103 trebuie s\u0103 ne \u00eentoarcem la ceea ce spuneam, la arhitectura noastr\u0103 de securitate care trebuie s\u0103 fie una foarte clar\u0103, mai ales \u00een acest moment\u201d, a conchis pre\u0219edintele Senatului.<\/p>\n<p id=\"p-6\">Declara\u021biile sale reiau <span><a href=\"https:\/\/www.mediafax.ro\/politic\/mircea-abrudean-despre-o-posibila-preluare-a-conducerii-sri-speculatii-23693107\">pozi\u021bia exprimat\u0103 \u00een luna februarie<\/a><\/span>, \u00een cadrul unui interviu la Europa FM. \u0218i la momentul respectiv, Abrudean a negat c\u0103 a avut vreo discu\u021bie privind eventuala sa nominalizare ca director al SRI, \u00eens\u0103 a admis c\u0103 totu\u0219i c\u0103 nu ar respinge o astfel de propunere.<\/p>\n<p id=\"p-7\">\u201eSigur c\u0103, a\u0219a cum am mai spus, a\u0219 fi ipocrit s\u0103 spun c\u0103 nu a\u0219 accepta o asemenea propunere, dac\u0103 va fi cazul. Nu suntem \u00een aceast\u0103 situa\u021bie, a\u0219a c\u0103 a\u0219 prefera s\u0103 dep\u0103\u0219im momentul\u201d, a spus Abrudean la Europa FM, \u00een luna februarie.<\/p>\n<p id=\"p-8\">Mircea Abrudean a fost unul dintre <span><a href=\"https:\/\/www.mediafax.ro\/politic\/negocieri-pentru-sefia-sri-si-sie-predoiu-si-abrudean-favoritii-pnl-psd-are-propriile-propuneri-23668596\">numele vehiculate<\/a><\/span> pentru a prelua \u0219efia SRI.<\/p>\n","protected":false},"excerpt":{"rendered":"<p>Pre\u0219edintele Senatului, Mircea Abrudean, a declarat s\u00e2mb\u0103t\u0103, \u00een cadrul emisiunii \u201eInsider Politic\u201d de la Prima TV, c\u0103 nu a discutat cu pre\u0219edintele Nicu\u0219or Dan despre numirea \u00een fruntea SRI, \u00een &hellip; <a href=\"https:\/\/microscopemedia.com\/?p=680531\" class=\"more-link\">Read More<\/a><\/p>\n","protected":false},"author":1,"featured_media":680532,"comment_status":"closed","ping_status":"closed","sticky":false,"template":"Default","format":"standard","meta":[],"categories":[1],"tags":[],"_links":{"self":[{"href":"https:\/\/microscopemedia.com\/index.php?rest_route=\/wp\/v2\/posts\/680531"}],"collection":[{"href":"https:\/\/microscopemedia.com\/index.php?rest_route=\/wp\/v2\/posts"}],"about":[{"href":"https:\/\/microscopemedia.com\/index.php?rest_route=\/wp\/v2\/types\/post"}],"author":[{"embeddable":true,"href":"https:\/\/microscopemedia.com\/index.php?rest_route=\/wp\/v2\/users\/1"}],"replies":[{"embeddable":true,"href":"https:\/\/microscopemedia.com\/index.php?rest_route=%2Fwp%2Fv2%2Fcomments&post=680531"}],"version-history":[{"count":0,"href":"https:\/\/microscopemedia.com\/index.php?rest_route=\/wp\/v2\/posts\/680531\/revisions"}],"wp:featuredmedia":[{"embeddable":true,"href":"https:\/\/microscopemedia.com\/index.php?rest_route=\/wp\/v2\/media\/680532"}],"wp:attachment":[{"href":"https:\/\/microscopemedia.com\/index.php?rest_route=%2Fwp%2Fv2%2Fmedia&parent=680531"}],"wp:term":[{"taxonomy":"category","embeddable":true,"href":"https:\/\/microscopemedia.com\/index.php?rest_route=%2Fwp%2Fv2%2Fcategories&post=680531"},{"taxonomy":"post_tag","embeddable":true,"href":"https:\/\/microscopemedia.com\/index.php?rest_route=%2Fwp%2Fv2%2Ftags&post=680531"}],"curies":[{"name":"wp","href":"https:\/\/api.w.org\/{rel}","templated":true}]}}