{"id":680535,"date":"2026-03-07T11:36:03","date_gmt":"2026-03-07T11:36:03","guid":{"rendered":"https:\/\/microscopemedia.com\/?p=680535"},"modified":"2026-03-07T11:36:03","modified_gmt":"2026-03-07T11:36:03","slug":"demers-comun-in-luna-padurii-diana-buzoianu-romania-si-republica-moldova-planteaza-o-padure-comuna-la-vama-sculeni","status":"publish","type":"post","link":"https:\/\/microscopemedia.com\/?p=680535","title":{"rendered":"Demers comun \u00een \u201eLuna P\u0103durii\u201d. Diana Buzoianu: Rom\u00e2nia \u0219i Republica Moldova planteaz\u0103 o p\u0103dure comun\u0103 la Vama Sculeni"},"content":{"rendered":"<div><img decoding=\"async\" src=\"https:\/\/microscopemedia.com\/wp-content\/uploads\/2026\/03\/demers-comun-in-luna-padurii-diana-buzoianu-romania-si-republica-moldova-planteaza-o-padure-comuna-la-vama-sculeni.jpg\" class=\"ff-og-image-inserted\"><\/div>\n<p data-start=\"112\" data-end=\"414\" id=\"p-0\">Rom\u00e2nia \u0219i Republica Moldova vor desf\u0103\u0219ura \u00een aceast\u0103 lun\u0103 o ac\u021biune comun\u0103 de \u00eemp\u0103durire la Vama Sculeni, de-a lungul ambelor maluri ale r\u00e2ului Prut. Demersul are loc cu ocazia unui parteneriat \u00eentre ministerele mediului din cele dou\u0103 \u021b\u0103ri, a anun\u021bat, s\u00e2mb\u0103t\u0103, ministra Mediului, <span class=\"hover:entity-accent entity-underline inline cursor-pointer align-baseline\"><span class=\"whitespace-normal\">Diana Buzoianu<\/span><\/span>.<\/p>\n<p data-start=\"416\" data-end=\"634\" id=\"p-1\">Ac\u021biunea marcheaz\u0103 \u00eenceputul sezonului de plantare \u00een Rom\u00e2nia, odat\u0103 cu <span class=\"hover:entity-accent entity-underline inline cursor-pointer align-baseline\"><span class=\"whitespace-normal\">Luna P\u0103durii<\/span><\/span>, perioada dedicat\u0103 anual activit\u0103\u021bilor de \u00eemp\u0103durire desf\u0103\u0219urate de silvicultori \u00een toat\u0103 \u021bara.<\/p>\n<p data-start=\"636\" data-end=\"976\" id=\"p-2\">\u201e\u00cencepe sezonul de plantare \u00een Rom\u00e2nia, odat\u0103 cu Luna P\u0103durii \u2013 perioada \u00een care silvicultorii din toat\u0103 \u021bara pornesc ac\u021biunile de \u00eemp\u0103durire. \u00cen paralel, continu\u0103m \u0219i proiectele de \u00eemp\u0103durire finan\u021bate prin PNRR, prin care pornim plant\u0103ri pe suprafe\u021be importante din Rom\u00e2nia.<br \/>Anul acesta marc\u0103m \u0219i un moment important de colaborare \u00eentre state: parteneriatul dintre Ministerul Mediului din Rom\u00e2nia \u0219i cel din Republica Moldova\u201d, a scris Diana Buzoianu, s\u00e2mb\u0103t\u0103, pe Facebook.<\/p>\n<p data-start=\"636\" data-end=\"976\" id=\"p-4\">Potrivit anun\u021bului, plantarea va \u00eencepe pe malul rom\u00e2nesc al Prutului, cu participarea <span class=\"hover:entity-accent entity-underline inline cursor-pointer align-baseline\"><span class=\"whitespace-normal\">Romsilva<\/span><\/span>, dup\u0103 care ac\u021biunea va continua pe teritoriul Republicii Moldova, \u00eempreun\u0103 cu speciali\u0219tii de la <span class=\"hover:entity-accent entity-underline inline cursor-pointer align-baseline\"><span class=\"whitespace-normal\">Moldsilva<\/span><\/span>.<\/p>\n<p data-start=\"636\" data-end=\"976\" id=\"p-5\">\u201eVom planta o p\u0103dure comun\u0103 la Vama Sculeni, de-a lungul ambelor maluri ale r\u00e2ului Prut. \u00cencepem plantarea pe partea Rom\u00e2niei cu Romsilva, iar apoi continu\u0103m pe partea Republicii Moldova, \u00eempreun\u0103 cu colegii de la Moldsilva\u201d, a ad\u0103ugat ministra Mediului.<\/p>\n<p data-start=\"416\" data-end=\"634\" id=\"p-6\">Demersul este programat pe 14 martie.<\/p>\n<p data-start=\"416\" data-end=\"634\" id=\"p-7\">\u201eEste mai mult dec\u00e2t o ac\u021biune de plantare. Este un semnal c\u0103 protec\u021bia naturii nu se opre\u0219te la grani\u021be, iar p\u0103durile viitorului se construiesc prin colaborare.Pe 14 martie plant\u0103m copaci. Dar, mai ales, plant\u0103m colaborare \u00eentre dou\u0103 \u021b\u0103ri care \u00eempart aceea\u0219i viziune \u0219i aceea\u0219i responsabilitate pentru natur\u0103\u201d, a completat Diana Buzoianu.<\/p>\n","protected":false},"excerpt":{"rendered":"<p>Rom\u00e2nia \u0219i Republica Moldova vor desf\u0103\u0219ura \u00een aceast\u0103 lun\u0103 o ac\u021biune comun\u0103 de \u00eemp\u0103durire la Vama Sculeni, de-a lungul ambelor maluri ale r\u00e2ului Prut. Demersul are loc cu ocazia unui &hellip; <a href=\"https:\/\/microscopemedia.com\/?p=680535\" class=\"more-link\">Read More<\/a><\/p>\n","protected":false},"author":1,"featured_media":680536,"comment_status":"closed","ping_status":"closed","sticky":false,"template":"Default","format":"standard","meta":[],"categories":[1],"tags":[],"_links":{"self":[{"href":"https:\/\/microscopemedia.com\/index.php?rest_route=\/wp\/v2\/posts\/680535"}],"collection":[{"href":"https:\/\/microscopemedia.com\/index.php?rest_route=\/wp\/v2\/posts"}],"about":[{"href":"https:\/\/microscopemedia.com\/index.php?rest_route=\/wp\/v2\/types\/post"}],"author":[{"embeddable":true,"href":"https:\/\/microscopemedia.com\/index.php?rest_route=\/wp\/v2\/users\/1"}],"replies":[{"embeddable":true,"href":"https:\/\/microscopemedia.com\/index.php?rest_route=%2Fwp%2Fv2%2Fcomments&post=680535"}],"version-history":[{"count":0,"href":"https:\/\/microscopemedia.com\/index.php?rest_route=\/wp\/v2\/posts\/680535\/revisions"}],"wp:featuredmedia":[{"embeddable":true,"href":"https:\/\/microscopemedia.com\/index.php?rest_route=\/wp\/v2\/media\/680536"}],"wp:attachment":[{"href":"https:\/\/microscopemedia.com\/index.php?rest_route=%2Fwp%2Fv2%2Fmedia&parent=680535"}],"wp:term":[{"taxonomy":"category","embeddable":true,"href":"https:\/\/microscopemedia.com\/index.php?rest_route=%2Fwp%2Fv2%2Fcategories&post=680535"},{"taxonomy":"post_tag","embeddable":true,"href":"https:\/\/microscopemedia.com\/index.php?rest_route=%2Fwp%2Fv2%2Ftags&post=680535"}],"curies":[{"name":"wp","href":"https:\/\/api.w.org\/{rel}","templated":true}]}}