{"id":680543,"date":"2026-03-07T12:17:03","date_gmt":"2026-03-07T12:17:03","guid":{"rendered":"https:\/\/microscopemedia.com\/?p=680543"},"modified":"2026-03-07T12:17:03","modified_gmt":"2026-03-07T12:17:03","slug":"circa-14-000-de-cetateni-romani-sunt-in-atentia-mae-in-urma-conflictului-din-orient","status":"publish","type":"post","link":"https:\/\/microscopemedia.com\/?p=680543","title":{"rendered":"Circa 14.000 de cet\u0103\u021beni rom\u00e2ni sunt \u00een aten\u021bia MAE \u00een urma conflictului din Orient"},"content":{"rendered":"<div><img decoding=\"async\" src=\"https:\/\/microscopemedia.com\/wp-content\/uploads\/2026\/03\/circa-14-000-de-cetateni-romani-sunt-in-atentia-mae-in-urma-conflictului-din-orient.png\" class=\"ff-og-image-inserted\"><\/div>\n<p id=\"p-0\">Purt\u0103torul de cuv\u00e2nt al Ministerului Afacerilor Externe (MAE), Andrei \u0162\u0103rnea, spune, s\u00e2mb\u0103t\u0103, \u00een acest moment sunt circa 14.000 de cet\u0103\u021beni \u00een aten\u021bia serviciilor consulare ale Rom\u00e2niei \u0219i a celulei de criz\u0103 a Ministerului, fiind vorba de reziden\u021bi sau turi\u0219ti.<\/p>\n<p id=\"p-1\">\u201eDintre cei care au fost ini\u021bial \u00een aten\u021bia celulei de criz\u0103, fie c\u0103 au anun\u021bat prezen\u021ba pe spa\u021biu, fie c\u0103 au \u0219i cerut asisten\u021b\u0103 consular\u0103 pentru repatriere sau de alt\u0103 natur\u0103, circa 1.500 \u2013 din datele noastre \u2013 au revenit \u00een Rom\u00e2nia, 1.000 \u0219i ceva cu mijloace facilitate puse la dispozi\u021bie de Rom\u00e2nia, 500 \u0219i ceva prin mijloace proprii. Avem \u00een continuare circa 400 de persoane prioritare numai \u00een Emiratele Arabe Unite, deci numai \u00een Dubai \u0219i mai pu\u021bin \u00een Abu Dhabi, dar numai \u00een acest stat avem 400 de cazuri prioritare\u201d, spune \u021a\u0103rnea.<\/p>\n<p id=\"p-2\">Potrivit acestuia, r\u0103m\u00e2n cazuri prioritare \u0219i \u00een Qatar \u0219i \u00een alte \u021b\u0103ri din regiune, cu at\u00e2t mai mult cu c\u00e2t continuarea ostilit\u0103\u021bilor, continuarea situa\u021biei de acolo, determin\u0103 \u0219i cet\u0103\u021benii rom\u00e2ni care locuiesc sau care muncesc \u00een aceste \u021b\u0103ri s\u0103 vin\u0103 c\u0103tre ambasade \u0219i consulate cer\u00e2nd diverse forme de sprijin.<\/p>\n","protected":false},"excerpt":{"rendered":"<p>Purt\u0103torul de cuv\u00e2nt al Ministerului Afacerilor Externe (MAE), Andrei \u0162\u0103rnea, spune, s\u00e2mb\u0103t\u0103, \u00een acest moment sunt circa 14.000 de cet\u0103\u021beni \u00een aten\u021bia serviciilor consulare ale Rom\u00e2niei \u0219i a celulei de &hellip; <a href=\"https:\/\/microscopemedia.com\/?p=680543\" class=\"more-link\">Read More<\/a><\/p>\n","protected":false},"author":1,"featured_media":680544,"comment_status":"closed","ping_status":"closed","sticky":false,"template":"Default","format":"standard","meta":[],"categories":[1],"tags":[],"_links":{"self":[{"href":"https:\/\/microscopemedia.com\/index.php?rest_route=\/wp\/v2\/posts\/680543"}],"collection":[{"href":"https:\/\/microscopemedia.com\/index.php?rest_route=\/wp\/v2\/posts"}],"about":[{"href":"https:\/\/microscopemedia.com\/index.php?rest_route=\/wp\/v2\/types\/post"}],"author":[{"embeddable":true,"href":"https:\/\/microscopemedia.com\/index.php?rest_route=\/wp\/v2\/users\/1"}],"replies":[{"embeddable":true,"href":"https:\/\/microscopemedia.com\/index.php?rest_route=%2Fwp%2Fv2%2Fcomments&post=680543"}],"version-history":[{"count":0,"href":"https:\/\/microscopemedia.com\/index.php?rest_route=\/wp\/v2\/posts\/680543\/revisions"}],"wp:featuredmedia":[{"embeddable":true,"href":"https:\/\/microscopemedia.com\/index.php?rest_route=\/wp\/v2\/media\/680544"}],"wp:attachment":[{"href":"https:\/\/microscopemedia.com\/index.php?rest_route=%2Fwp%2Fv2%2Fmedia&parent=680543"}],"wp:term":[{"taxonomy":"category","embeddable":true,"href":"https:\/\/microscopemedia.com\/index.php?rest_route=%2Fwp%2Fv2%2Fcategories&post=680543"},{"taxonomy":"post_tag","embeddable":true,"href":"https:\/\/microscopemedia.com\/index.php?rest_route=%2Fwp%2Fv2%2Ftags&post=680543"}],"curies":[{"name":"wp","href":"https:\/\/api.w.org\/{rel}","templated":true}]}}