{"id":680555,"date":"2026-03-07T13:26:03","date_gmt":"2026-03-07T13:26:03","guid":{"rendered":"https:\/\/microscopemedia.com\/?p=680555"},"modified":"2026-03-07T13:26:03","modified_gmt":"2026-03-07T13:26:03","slug":"update-ambulanta-smurd-si-o-masina-implicate-in-accident-pe-o-strada-din-sibiu-plan-rosu-activat","status":"publish","type":"post","link":"https:\/\/microscopemedia.com\/?p=680555","title":{"rendered":"UPDATE: Ambulan\u021b\u0103 SMURD \u0219i o ma\u0219in\u0103 implicate \u00een accident pe o strad\u0103 din Sibiu. Plan Ro\u0219u activat"},"content":{"rendered":"<h2 id=\"chapter-0\">UPDATE:<\/h2>\n<p id=\"p-0\">Potrivit ISU Sibiu, \u00een accident au fost implicate \u0219apte persoane.<\/p>\n<p id=\"p-1\">\u00cen ambulanta SMURD se afla un pacient, un minor cu mama acestuia \u0219i patru membri ai echipajului (trei subofi\u021beri paramedici \u0219i un voluntar).<\/p>\n<div class=\"single__inline-gallery color-white mg-bottom-20 bg-black padding-5 md:rounded-10\">\n<div class=\"md:rounded-5 display-grid xs:grid-cols-2 grid-cols-3 gap-5\">\n<div class=\"single__inline-gallery-image relative column-span-2 row-span-2\">\n                <a href=\"https:\/\/www.mediafax.ro\/poze\/update-ambulanta-smurd-si-o-masina-implicate-in-accident-pe-o-strada-din-sibiu-plan-rosu-activat-23698944\"><br \/>\n                    <img decoding=\"async\" loading=\"lazy\" src=\"https:\/\/microscopemedia.com\/wp-content\/uploads\/2026\/03\/update-ambulanta-smurd-si-o-masina-implicate-in-accident-pe-o-strada-din-sibiu-plan-rosu-activat.jpg\" width=\"700\" height=\"450\"><br \/>\n                <\/a>\n                            <\/div>\n<div class=\"single__inline-gallery-image relative \">\n                <a href=\"https:\/\/www.mediafax.ro\/poze\/update-ambulanta-smurd-si-o-masina-implicate-in-accident-pe-o-strada-din-sibiu-plan-rosu-activat-23698944\"><br \/>\n                    <img decoding=\"async\" loading=\"lazy\" src=\"https:\/\/microscopemedia.com\/wp-content\/uploads\/2026\/03\/update-ambulanta-smurd-si-o-masina-implicate-in-accident-pe-o-strada-din-sibiu-plan-rosu-activat-1.jpg\" width=\"700\" height=\"450\"><br \/>\n                <\/a>\n                            <\/div>\n<\/p><\/div>\n<\/p><\/div>\n<p id=\"p-2\">Copilul nu a fost r\u0103nit \u00een urma accidentului, acesta a fost preluat de o alt\u0103 ambulan\u021b\u0103 \u0219i transport la CPU Luther \u00een vederea trat\u0103rii afec\u021biunilor preexistente.<\/p>\n<p id=\"p-3\">Mama copilului, o femeie \u00een v\u00e2rst\u0103 de 26 de ani, acuz\u0103 dureri la picior, va fi transportat\u0103 la UPU Sibiu.<\/p>\n<p id=\"p-4\">\u00cen ceea ce prive\u0219te starea reprezentan\u021bilor ISU Sibiu, ace\u0219tia prezint\u0103 rani u\u0219oare, vor fi transporta\u021bi la UPU Sibiu pentru investiga\u021bii suplimentare.<\/p>\n<p id=\"p-5\">\u0218oferul autoturismului, un b\u0103rbat \u00een v\u00e2rst\u0103 de aproximativ 53 de ani a suferit multiple traumatisme \u0219i este transportat la UPU Sibiu.<\/p>\n<p id=\"p-6\">Planul Ro\u0219u de interven\u021bie a fost dezactivat.<\/p>\n<h2 id=\"chapter-1\">\u0218tire ini\u021bial\u0103:<\/h2>\n<p id=\"p-7\">ISU Sibiu intervine de urgen\u021b\u0103 pe Bulevardul Vasile Milea la un accident rutier \u00een urma c\u0103ruia a fost activat Planul Ro\u0219u de Interven\u021bie.<\/p>\n<p id=\"p-8\">La fa\u021ba locului sunt mobilizate o ambulan\u021b\u0103 SMURD cu medic, trei ambulan\u021be SAJ, o autospecial\u0103 de descarcerare, una de stingere \u0219i ATPVM.<\/p>\n<p id=\"p-9\">Din primele informa\u021bii \u00een accident este implicat\u0103 o ambulan\u021b\u0103 SMURD \u0219i un autoturism.<\/p>\n<p id=\"p-10\">&nbsp;<\/p>\n","protected":false},"excerpt":{"rendered":"<p>UPDATE: Potrivit ISU Sibiu, \u00een accident au fost implicate \u0219apte persoane. \u00cen ambulanta SMURD se afla un pacient, un minor cu mama acestuia \u0219i patru membri ai echipajului (trei subofi\u021beri &hellip; <a href=\"https:\/\/microscopemedia.com\/?p=680555\" class=\"more-link\">Read More<\/a><\/p>\n","protected":false},"author":1,"featured_media":680556,"comment_status":"closed","ping_status":"closed","sticky":false,"template":"Default","format":"standard","meta":[],"categories":[1],"tags":[],"_links":{"self":[{"href":"https:\/\/microscopemedia.com\/index.php?rest_route=\/wp\/v2\/posts\/680555"}],"collection":[{"href":"https:\/\/microscopemedia.com\/index.php?rest_route=\/wp\/v2\/posts"}],"about":[{"href":"https:\/\/microscopemedia.com\/index.php?rest_route=\/wp\/v2\/types\/post"}],"author":[{"embeddable":true,"href":"https:\/\/microscopemedia.com\/index.php?rest_route=\/wp\/v2\/users\/1"}],"replies":[{"embeddable":true,"href":"https:\/\/microscopemedia.com\/index.php?rest_route=%2Fwp%2Fv2%2Fcomments&post=680555"}],"version-history":[{"count":0,"href":"https:\/\/microscopemedia.com\/index.php?rest_route=\/wp\/v2\/posts\/680555\/revisions"}],"wp:featuredmedia":[{"embeddable":true,"href":"https:\/\/microscopemedia.com\/index.php?rest_route=\/wp\/v2\/media\/680556"}],"wp:attachment":[{"href":"https:\/\/microscopemedia.com\/index.php?rest_route=%2Fwp%2Fv2%2Fmedia&parent=680555"}],"wp:term":[{"taxonomy":"category","embeddable":true,"href":"https:\/\/microscopemedia.com\/index.php?rest_route=%2Fwp%2Fv2%2Fcategories&post=680555"},{"taxonomy":"post_tag","embeddable":true,"href":"https:\/\/microscopemedia.com\/index.php?rest_route=%2Fwp%2Fv2%2Ftags&post=680555"}],"curies":[{"name":"wp","href":"https:\/\/api.w.org\/{rel}","templated":true}]}}