{"id":680559,"date":"2026-03-07T13:46:04","date_gmt":"2026-03-07T13:46:04","guid":{"rendered":"https:\/\/microscopemedia.com\/?p=680559"},"modified":"2026-03-07T13:46:04","modified_gmt":"2026-03-07T13:46:04","slug":"papa-leon-il-numeste-pe-gabriele-caccia-ambasador-al-vaticanului-in-sua","status":"publish","type":"post","link":"https:\/\/microscopemedia.com\/?p=680559","title":{"rendered":"Papa Leon \u00eel nume\u0219te pe Gabriele Caccia ambasador al Vaticanului \u00een SUA"},"content":{"rendered":"<div><img decoding=\"async\" src=\"https:\/\/microscopemedia.com\/wp-content\/uploads\/2026\/03\/papa-leon-il-numeste-pe-gabriele-caccia-ambasador-al-vaticanului-in-sua.jpg\" class=\"ff-og-image-inserted\"><\/div>\n<p data-start=\"563\" data-end=\"933\" id=\"p-0\">Numirea lui Gabriele Caccia ambasador al Vaticanului \u00een SUA marcheaz\u0103 schimbarea reprezentantului diplomatic al Vaticanului \u00eentr-unul dintre cele mai importante posturi din re\u021beaua diplomatic\u0103 a Sf\u00e2ntului Scaun. Caccia \u00eel va \u00eenlocui pe Christophe Pierre, care se retrage din func\u021bie dup\u0103 ce a reprezentat Vaticanul \u00een Statele Unite din anul 2016, scrie <a href=\"https:\/\/www.reuters.com\/world\/asia-pacific\/pope-leo-names-former-envoy-dutertes-philippines-ambassador-us-2026-03-07\/\" target=\"_blank\" rel=\"noopener\">Reuters<\/a>.<\/p>\n<p data-start=\"935\" data-end=\"1130\" id=\"p-1\">Arhiepiscopul italian, \u00een v\u00e2rst\u0103 de 68 de ani, are o experien\u021b\u0103 \u00eendelungat\u0103 \u00een diploma\u021bia Vaticanului \u0219i a ocupat mai multe func\u021bii importante \u00een cadrul serviciului diplomatic al Sf\u00e2ntului Scaun.<\/p>\n<p data-start=\"1240\" data-end=\"1421\" id=\"p-2\">Numirea lui Gabriele Caccia ambasador al Vaticanului \u00een SUA are loc \u00eentr-un moment \u00een care Vaticanul a exprimat pozi\u021bii critice fa\u021b\u0103 de anumite evolu\u021bii din politica interna\u021bional\u0103.<\/p>\n<p data-start=\"1423\" data-end=\"1650\" id=\"p-3\">Cardinalul Pietro Parolin, secretarul de stat al Vaticanului, a declarat recent c\u0103 atacurile militare lansate de Statele Unite \u0219i Israel asupra Iranului au afectat principiile dreptului interna\u021bional.<\/p>\n<p data-start=\"1652\" data-end=\"1889\" id=\"p-4\">\u00cen acela\u0219i timp, Papa Leon a exprimat \u00een mai multe r\u00e2nduri critici fa\u021b\u0103 de unele politici interne ale administra\u021biei conduse de Donald Trump, \u00een special \u00een ceea ce prive\u0219te m\u0103surile stricte privind imigra\u021bia.<\/p>\n<p data-start=\"1891\" data-end=\"2114\" id=\"p-5\">De asemenea, trei cardinali americani au avertizat \u00een luna ianuarie asupra direc\u021biei politicii externe a Statelor Unite, afirm\u00e2nd c\u0103 rolul moral al \u021b\u0103rii \u00een confruntarea cu problemele globale este pus sub semnul \u00eentreb\u0103rii.<\/p>\n<p data-start=\"2226\" data-end=\"2375\" id=\"p-6\">Numirea lui Gabriele Caccia ambasador al Vaticanului \u00een SUA reflect\u0103 experien\u021ba diplomatic\u0103 acumulat\u0103 de acesta \u00een cadrul misiunilor Sf\u00e2ntului Scaun.<\/p>\n<h2 data-start=\"2226\" data-end=\"2375\" id=\"chapter-0\">Cine este Gabriele Caccia<\/h2>\n<p data-start=\"2377\" data-end=\"2639\" id=\"p-7\">Originar din Milano, Caccia a fost anterior ambasador al Vaticanului \u00een Liban \u0219i a lucrat timp de \u0219apte ani \u00een cadrul Secretariatului de Stat al Vaticanului, una dintre cele mai importante institu\u021bii ale administra\u021biei papale.<\/p>\n<p data-start=\"2641\" data-end=\"3019\" id=\"p-8\">\u00cen 2020, el a fost numit reprezentant permanent al Vaticanului la ONU. \u00cenainte de aceast\u0103 func\u021bie, a activat timp de doi ani \u00een Manila, unde a fost implicat \u00een gestionarea rela\u021biilor dintre episcopii catolici locali \u0219i administra\u021bia fostului pre\u0219edinte filipinez Rodrigo Duterte.<\/p>\n<p data-start=\"3021\" data-end=\"3237\" id=\"p-9\">Duterte, care \u0219i-a \u00eencheiat mandatul \u00een 2022, se afl\u0103 \u00een prezent \u00een Haga, unde este re\u021binut \u00een leg\u0103tur\u0103 cu acuza\u021bii privind crime comise \u00een timpul campaniei antidrog din Filipine.<\/p>\n<h2 data-section-id=\"5esd8i\" data-start=\"3239\" data-end=\"3330\" id=\"chapter-1\">Rolul nun\u021biului apostolic<\/h2>\n<p data-start=\"3332\" data-end=\"3622\" id=\"p-10\">Sf\u00e2ntul Scaun men\u021bine aproximativ 110 misiuni diplomatice \u00een \u00eentreaga lume, iar reprezentan\u021ba din capitala Statelor Unite este considerat\u0103 una dintre cele mai influente.<\/p>\n<p data-start=\"3624\" data-end=\"3982\" id=\"p-11\">Pe l\u00e2ng\u0103 rolul diplomatic \u00een rela\u021bia cu autorit\u0103\u021bile americane, nun\u021biul apostolic are \u0219i atribu\u021bii importante \u00een organizarea Bisericii Catolice din Statele Unite. El este responsabil pentru transmiterea c\u0103tre pap\u0103 a recomand\u0103rilor privind numirea episcopilor, influen\u021b\u00e2nd astfel conducerea religioas\u0103 a celor aproximativ 72 de milioane de catolici americani.<\/p>\n<p data-start=\"3984\" data-end=\"4157\" id=\"p-12\">Rela\u021biile diplomatice oficiale dintre Vatican \u0219i Statele Unite au fost stabilite \u00een 1984, \u00een timpul administra\u021biei pre\u0219edintelui Ronald Reagan.<\/p>\n","protected":false},"excerpt":{"rendered":"<p>Numirea lui Gabriele Caccia ambasador al Vaticanului \u00een SUA marcheaz\u0103 schimbarea reprezentantului diplomatic al Vaticanului \u00eentr-unul dintre cele mai importante posturi din re\u021beaua diplomatic\u0103 a Sf\u00e2ntului Scaun. Caccia \u00eel va &hellip; <a href=\"https:\/\/microscopemedia.com\/?p=680559\" class=\"more-link\">Read More<\/a><\/p>\n","protected":false},"author":1,"featured_media":680560,"comment_status":"closed","ping_status":"closed","sticky":false,"template":"Default","format":"standard","meta":[],"categories":[1],"tags":[],"_links":{"self":[{"href":"https:\/\/microscopemedia.com\/index.php?rest_route=\/wp\/v2\/posts\/680559"}],"collection":[{"href":"https:\/\/microscopemedia.com\/index.php?rest_route=\/wp\/v2\/posts"}],"about":[{"href":"https:\/\/microscopemedia.com\/index.php?rest_route=\/wp\/v2\/types\/post"}],"author":[{"embeddable":true,"href":"https:\/\/microscopemedia.com\/index.php?rest_route=\/wp\/v2\/users\/1"}],"replies":[{"embeddable":true,"href":"https:\/\/microscopemedia.com\/index.php?rest_route=%2Fwp%2Fv2%2Fcomments&post=680559"}],"version-history":[{"count":0,"href":"https:\/\/microscopemedia.com\/index.php?rest_route=\/wp\/v2\/posts\/680559\/revisions"}],"wp:featuredmedia":[{"embeddable":true,"href":"https:\/\/microscopemedia.com\/index.php?rest_route=\/wp\/v2\/media\/680560"}],"wp:attachment":[{"href":"https:\/\/microscopemedia.com\/index.php?rest_route=%2Fwp%2Fv2%2Fmedia&parent=680559"}],"wp:term":[{"taxonomy":"category","embeddable":true,"href":"https:\/\/microscopemedia.com\/index.php?rest_route=%2Fwp%2Fv2%2Fcategories&post=680559"},{"taxonomy":"post_tag","embeddable":true,"href":"https:\/\/microscopemedia.com\/index.php?rest_route=%2Fwp%2Fv2%2Ftags&post=680559"}],"curies":[{"name":"wp","href":"https:\/\/api.w.org\/{rel}","templated":true}]}}