{"id":680561,"date":"2026-03-07T14:06:03","date_gmt":"2026-03-07T14:06:03","guid":{"rendered":"https:\/\/microscopemedia.com\/?p=680561"},"modified":"2026-03-07T14:06:03","modified_gmt":"2026-03-07T14:06:03","slug":"premierul-olandez-critica-atacurile-asupra-iranului-si-invoca-incalcarea-dreptului-international","status":"publish","type":"post","link":"https:\/\/microscopemedia.com\/?p=680561","title":{"rendered":"Premierul olandez critic\u0103 atacurile asupra Iranului \u0219i invoc\u0103 \u00eenc\u0103lcarea dreptului interna\u021bional"},"content":{"rendered":"<div><img decoding=\"async\" src=\"https:\/\/microscopemedia.com\/wp-content\/uploads\/2026\/03\/premierul-olandez-critica-atacurile-asupra-iranului-si-invoca-incalcarea-dreptului-international.jpg\" class=\"ff-og-image-inserted\"><\/div>\n<p data-start=\"109\" data-end=\"423\" id=\"p-0\">Prim-ministrul Olandei, <span class=\"hover:entity-accent entity-underline inline cursor-pointer align-baseline\"><span class=\"whitespace-normal\">Rob Jetten<\/span><\/span>, a declarat vineri c\u0103 loviturile lansate de Statele Unite \u0219i Israel asupra Iranului nu respect\u0103 regulile dreptului interna\u021bional, relateaz\u0103 <a href=\"https:\/\/www.politico.eu\/article\/netherlands-rob-jetten-us-israel-war-iran-international-law\/\">POLITICO<\/a>.<\/p>\n<p data-start=\"109\" data-end=\"423\" id=\"p-1\">\u00cen acela\u0219i timp, pre\u0219edintele olandez a recunoscut c\u0103 ac\u021biunile Iranului reprezint\u0103 o problem\u0103 pentru securitatea regional\u0103.<\/p>\n<p data-start=\"425\" data-end=\"629\" id=\"p-2\">Declara\u021bia a avut loc \u00een cadrul conferin\u021bei de pres\u0103 s\u0103pt\u0103m\u00e2nale organizate la Haga. \u00cen fa\u021ba jurnali\u0219tilor, premierul olandez a criticat atacurile occidentale \u0219i reac\u021biile militare ale Iranului.<\/p>\n<p data-start=\"631\" data-end=\"899\" id=\"p-3\">\u201eAt\u00e2t atacurile asupra Iranului de s\u0103pt\u0103m\u00e2na trecut\u0103, c\u00e2t \u0219i represaliile inacceptabile din partea Iranului asupra \u021b\u0103rilor din regiune nu se \u00eencadreaz\u0103 \u00een cadrul dreptului interna\u021bional\u201d, a declarat Rob Jetten reporterilor la conferin\u021ba sa de pres\u0103.<\/p>\n<p data-start=\"901\" data-end=\"1188\" id=\"p-4\">Pozi\u021bia guvernului olandez pare mai apropiat\u0103 de cea a altor state europene, printre care <span class=\"hover:entity-accent entity-underline inline cursor-pointer align-baseline\"><span class=\"whitespace-normal\">Spania<\/span><\/span> \u0219i <span class=\"hover:entity-accent entity-underline inline cursor-pointer align-baseline\"><span class=\"whitespace-normal\">Fran\u021ba<\/span><\/span>, care au ridicat semne de \u00eentrebare cu privire la legalitatea opera\u021biunilor militare din Iran.<\/p>\n<p data-start=\"1190\" data-end=\"1674\" id=\"p-5\">Cu toate acestea, premierul olandez a precizat c\u0103 executivul de la Haga \u00een\u021belege motivele care au stat la baza primelor lovituri \u00eempotriva Iranului.<\/p>\n<p data-start=\"1190\" data-end=\"1674\" id=\"p-6\">El a f\u0103cut referire la amenin\u021b\u0103rile pe care autorit\u0103\u021bile de la Teheran le reprezint\u0103 de mult timp pentru propria popula\u021bie \u0219i pentru regiune.<\/p>\n<p data-start=\"1190\" data-end=\"1674\" id=\"p-7\">Rob Jetten a precizat c\u0103 este necesar\u0103 respectarea regulilor interna\u021bionale \u0219i continuarea eforturilor diplomatice, chiar dac\u0103 astfel de negocieri sunt complicate. \u00cen opinia sa, r\u0103m\u00e2ne neclar care este obiectivul final al campaniei militare desf\u0103\u0219urate de Statele Unite \u0219i Israel.<\/p>\n<p data-start=\"1802\" data-end=\"2127\" id=\"p-8\">\u201ePrincipala \u00eentrebare r\u0103m\u00e2ne: c\u00e2nd vor fi considerate atacurile de succes?\u201d, a declarat premierul, ad\u0103ug\u00e2nd c\u0103, \u00eenainte de a judeca dac\u0103 guvernul s\u0103u sus\u021bine sau nu metodele alese de SUA \u0219i Israel \u00een Iran, ace\u0219tia vor trebui s\u0103 \u201e\u00een\u021beleag\u0103 care sunt inten\u021biile \u0219i obiectivele acestor atacuri\u201d.<\/p>\n<p data-start=\"2129\" data-end=\"2474\" id=\"p-9\">Pre\u0219edintele Statelor Unite, <span class=\"hover:entity-accent entity-underline inline cursor-pointer align-baseline\"><span class=\"whitespace-normal\">Donald Trump<\/span><\/span>, a transmis \u00een ultimele zile mesaje diferite despre scopul opera\u021biunilor militare. Vineri, liderul american a afirmat c\u0103 obiectivul final al administra\u021biei sale este \u201ecapitarea necondi\u021bionat\u0103\u201d a conducerii Republicii Islamice.<\/p>\n<p data-start=\"2476\" data-end=\"2751\" data-is-last-node data-is-only-node id=\"p-10\">\u00cen paralel, Olanda analizeaz\u0103 \u0219i o solicitare venit\u0103 din partea Fran\u021bei. Parisul a cerut sprijin pentru portavionul <span class=\"hover:entity-accent entity-underline inline cursor-pointer align-baseline\"><span class=\"whitespace-normal\">Charles de Gaulle<\/span><\/span>, aflat \u00een Marea Mediteran\u0103, pentru misiuni defensive. Guvernul olandez urmeaz\u0103 s\u0103 evalueze cererea \u00een cursul weekendului.<\/p>\n","protected":false},"excerpt":{"rendered":"<p>Prim-ministrul Olandei, Rob Jetten, a declarat vineri c\u0103 loviturile lansate de Statele Unite \u0219i Israel asupra Iranului nu respect\u0103 regulile dreptului interna\u021bional, relateaz\u0103 POLITICO. \u00cen acela\u0219i timp, pre\u0219edintele olandez a &hellip; <a href=\"https:\/\/microscopemedia.com\/?p=680561\" class=\"more-link\">Read More<\/a><\/p>\n","protected":false},"author":1,"featured_media":680562,"comment_status":"closed","ping_status":"closed","sticky":false,"template":"Default","format":"standard","meta":[],"categories":[1],"tags":[],"_links":{"self":[{"href":"https:\/\/microscopemedia.com\/index.php?rest_route=\/wp\/v2\/posts\/680561"}],"collection":[{"href":"https:\/\/microscopemedia.com\/index.php?rest_route=\/wp\/v2\/posts"}],"about":[{"href":"https:\/\/microscopemedia.com\/index.php?rest_route=\/wp\/v2\/types\/post"}],"author":[{"embeddable":true,"href":"https:\/\/microscopemedia.com\/index.php?rest_route=\/wp\/v2\/users\/1"}],"replies":[{"embeddable":true,"href":"https:\/\/microscopemedia.com\/index.php?rest_route=%2Fwp%2Fv2%2Fcomments&post=680561"}],"version-history":[{"count":0,"href":"https:\/\/microscopemedia.com\/index.php?rest_route=\/wp\/v2\/posts\/680561\/revisions"}],"wp:featuredmedia":[{"embeddable":true,"href":"https:\/\/microscopemedia.com\/index.php?rest_route=\/wp\/v2\/media\/680562"}],"wp:attachment":[{"href":"https:\/\/microscopemedia.com\/index.php?rest_route=%2Fwp%2Fv2%2Fmedia&parent=680561"}],"wp:term":[{"taxonomy":"category","embeddable":true,"href":"https:\/\/microscopemedia.com\/index.php?rest_route=%2Fwp%2Fv2%2Fcategories&post=680561"},{"taxonomy":"post_tag","embeddable":true,"href":"https:\/\/microscopemedia.com\/index.php?rest_route=%2Fwp%2Fv2%2Ftags&post=680561"}],"curies":[{"name":"wp","href":"https:\/\/api.w.org\/{rel}","templated":true}]}}