{"id":680571,"date":"2026-03-07T15:06:03","date_gmt":"2026-03-07T15:06:03","guid":{"rendered":"https:\/\/microscopemedia.com\/?p=680571"},"modified":"2026-03-07T15:06:03","modified_gmt":"2026-03-07T15:06:03","slug":"donald-trump-participa-la-ceremonia-de-repatriere-a-sase-militari-americani-ucisi-in-kuweit","status":"publish","type":"post","link":"https:\/\/microscopemedia.com\/?p=680571","title":{"rendered":"Donald Trump particip\u0103 la ceremonia de repatriere a \u0219ase militari americani uci\u0219i \u00een Kuweit"},"content":{"rendered":"<div><img decoding=\"async\" src=\"https:\/\/microscopemedia.com\/wp-content\/uploads\/2026\/03\/donald-trump-participa-la-ceremonia-de-repatriere-a-sase-militari-americani-ucisi-in-kuweit.jpg\" class=\"ff-og-image-inserted\"><\/div>\n<p data-start=\"104\" data-end=\"569\" id=\"p-0\">Pre\u0219edintele Statelor Unite, <span class=\"hover:entity-accent entity-underline inline cursor-pointer align-baseline\"><span class=\"whitespace-normal\">Donald Trump<\/span><\/span>, are programat\u0103 pentru vineri o vizit\u0103 la baza aerian\u0103 <span class=\"hover:entity-accent entity-underline inline cursor-pointer align-baseline\"><span class=\"whitespace-normal\">Dover Air Force Base<\/span><\/span>, unde va asista la ceremonia oficial\u0103 de repatriere a r\u0103m\u0103\u0219i\u021belor a \u0219ase militari americani care au murit \u00een <span class=\"hover:entity-accent entity-underline inline cursor-pointer align-baseline\"><span class=\"whitespace-normal\">Kuweit<\/span><\/span> \u00een primele zile ale conflictului dintre <span class=\"hover:entity-accent entity-underline inline cursor-pointer align-baseline\"><span class=\"whitespace-normal\">Statele Unite<\/span><\/span>, <span class=\"hover:entity-accent entity-underline inline cursor-pointer align-baseline\"><span class=\"whitespace-normal\">Israel<\/span><\/span> \u0219i <span class=\"hover:entity-accent entity-underline inline cursor-pointer align-baseline\"><span class=\"whitespace-normal\">Iran<\/span><\/span>.<\/p>\n<p data-start=\"571\" data-end=\"912\" id=\"p-1\">Evenimentul face parte din procedura militar\u0103 numit\u0103 \u201etransfer demn\u201d, prin care solda\u021bii c\u0103zu\u021bi \u00een misiune se \u00eentorc \u00een Statele Unite cu onoruri militare, scrie <a href=\"https:\/\/www.cnn.com\/world\/live-news\/iran-war-us-israel-trump-03-07-26?post-id=cmmgc3rnz00003b6shn9y1lht\">CNN<\/a>.<\/p>\n<p data-start=\"571\" data-end=\"912\" id=\"p-2\">Ceremonia va avea loc la baza aerian\u0103 din statul <span class=\"hover:entity-accent entity-underline inline cursor-pointer align-baseline\"><span class=\"whitespace-normal\">Delaware<\/span><\/span>, unul dintre principalele puncte de primire pentru militarii americani repatria\u021bi din zone de conflict.<\/p>\n<p data-start=\"914\" data-end=\"1219\" id=\"p-3\">\u00cenainte de acest moment, pre\u0219edintele american a transmis un nou avertisment la adresa Iranului, \u00een contextul opera\u021biunilor militare \u00eencepute recent de Washington.<\/p>\n<p data-start=\"914\" data-end=\"1219\" id=\"p-4\">Donald Trump a declarat c\u0103 \u201e<a href=\"https:\/\/www.mediafax.ro\/stirile-zilei\/nou-anunt-de-la-trump-astazi-iranul-va-fi-lovit-foarte-tare-cum-interpreteaza-presedintele-sua-schimbarea-de-strategie-de-la-teheran-23698924\">ast\u0103zi Iranul va fi lovit foarte puternic\u201d<\/a>, la aproximativ o s\u0103pt\u0103m\u00e2n\u0103 dup\u0103 debutul campaniei militare \u00eempotriva Teheranului.<\/p>\n<p data-start=\"1221\" data-end=\"1504\" id=\"p-5\">Agenda public\u0103 a pre\u0219edintelui include mai multe activit\u0103\u021bi \u00een cursul zilei. Programul \u00eencepe la ora 07:00, ora Coastei de Est, cu perioada denumit\u0103 oficial \u201etimp executiv\u201d, desf\u0103\u0219urat\u0103 \u00een ora\u0219ul <span class=\"hover:entity-accent entity-underline inline cursor-pointer align-baseline\"><span class=\"whitespace-normal\">Miami<\/span><\/span>, din statul <span class=\"hover:entity-accent entity-underline inline cursor-pointer align-baseline\"><span class=\"whitespace-normal\">Florida<\/span><\/span>.<\/p>\n<p data-start=\"1506\" data-end=\"2143\" id=\"p-6\">La ora 10:00, pre\u0219edintele urmeaz\u0103 s\u0103 sus\u021bin\u0103 un discurs \u00een cadrul summitului numit \u201eSummitul Scutul Americilor\u201d, organizat \u00een localitatea <span class=\"hover:entity-accent entity-underline inline cursor-pointer align-baseline\"><span class=\"whitespace-normal\">Doral<\/span><\/span>. Evenimentul reune\u0219te lideri \u0219i oficiali din mai multe state din emisfera vestic\u0103.<\/p>\n<p data-start=\"1506\" data-end=\"2143\" id=\"p-7\">Potrivit Biroului Purt\u0103torului de Cuv\u00e2nt al administra\u021biei americane, reuniunea are ca scop consolidarea cooper\u0103rii \u00eentre statele partenere.<\/p>\n<p data-start=\"1506\" data-end=\"2143\" id=\"p-8\">Reprezentan\u021bii administra\u021biei au transmis c\u0103 SUA \u201e\u00eei vor primi pe cei mai puternici alia\u021bi ai no\u0219tri cu acelea\u0219i idei din emisfera noastr\u0103 pentru a promova libertatea, securitatea \u0219i prosperitatea \u00een regiunea noastr\u0103\u201d.<\/p>\n<p data-start=\"1506\" data-end=\"2143\" id=\"p-9\">\u00cen a doua parte a zilei, la ora 13:30, Trump se va deplasa la baza aerian\u0103 din Dover pentru ceremonia militar\u0103 dedicat\u0103 celor \u0219ase solda\u021bi americani care \u0219i-au pierdut via\u021ba \u00een Kuweit.<\/p>\n<p data-start=\"1506\" data-end=\"2143\" id=\"p-10\">Prezen\u021ba pre\u0219edintelui la astfel de ceremonii reprezint\u0103 un gest simbolic de respect pentru militarii c\u0103zu\u021bi \u0219i pentru familiile acestora.<\/p>\n","protected":false},"excerpt":{"rendered":"<p>Pre\u0219edintele Statelor Unite, Donald Trump, are programat\u0103 pentru vineri o vizit\u0103 la baza aerian\u0103 Dover Air Force Base, unde va asista la ceremonia oficial\u0103 de repatriere a r\u0103m\u0103\u0219i\u021belor a \u0219ase &hellip; <a href=\"https:\/\/microscopemedia.com\/?p=680571\" class=\"more-link\">Read More<\/a><\/p>\n","protected":false},"author":1,"featured_media":680572,"comment_status":"closed","ping_status":"closed","sticky":false,"template":"Default","format":"standard","meta":[],"categories":[1],"tags":[],"_links":{"self":[{"href":"https:\/\/microscopemedia.com\/index.php?rest_route=\/wp\/v2\/posts\/680571"}],"collection":[{"href":"https:\/\/microscopemedia.com\/index.php?rest_route=\/wp\/v2\/posts"}],"about":[{"href":"https:\/\/microscopemedia.com\/index.php?rest_route=\/wp\/v2\/types\/post"}],"author":[{"embeddable":true,"href":"https:\/\/microscopemedia.com\/index.php?rest_route=\/wp\/v2\/users\/1"}],"replies":[{"embeddable":true,"href":"https:\/\/microscopemedia.com\/index.php?rest_route=%2Fwp%2Fv2%2Fcomments&post=680571"}],"version-history":[{"count":0,"href":"https:\/\/microscopemedia.com\/index.php?rest_route=\/wp\/v2\/posts\/680571\/revisions"}],"wp:featuredmedia":[{"embeddable":true,"href":"https:\/\/microscopemedia.com\/index.php?rest_route=\/wp\/v2\/media\/680572"}],"wp:attachment":[{"href":"https:\/\/microscopemedia.com\/index.php?rest_route=%2Fwp%2Fv2%2Fmedia&parent=680571"}],"wp:term":[{"taxonomy":"category","embeddable":true,"href":"https:\/\/microscopemedia.com\/index.php?rest_route=%2Fwp%2Fv2%2Fcategories&post=680571"},{"taxonomy":"post_tag","embeddable":true,"href":"https:\/\/microscopemedia.com\/index.php?rest_route=%2Fwp%2Fv2%2Ftags&post=680571"}],"curies":[{"name":"wp","href":"https:\/\/api.w.org\/{rel}","templated":true}]}}