{"id":680573,"date":"2026-03-07T15:26:03","date_gmt":"2026-03-07T15:26:03","guid":{"rendered":"https:\/\/microscopemedia.com\/?p=680573"},"modified":"2026-03-07T15:26:03","modified_gmt":"2026-03-07T15:26:03","slug":"primarul-londrei-il-critica-pe-donald-trump-pentru-razboiul-din-iran-si-avertizeaza-asupra-consecintelor-economice","status":"publish","type":"post","link":"https:\/\/microscopemedia.com\/?p=680573","title":{"rendered":"Primarul Londrei \u00eel critic\u0103 pe Donald Trump pentru r\u0103zboiul din Iran \u0219i avertizeaz\u0103 asupra consecin\u021belor economice"},"content":{"rendered":"<div><img decoding=\"async\" src=\"https:\/\/microscopemedia.com\/wp-content\/uploads\/2026\/03\/primarul-londrei-il-critica-pe-donald-trump-pentru-razboiul-din-iran-si-avertizeaza-asupra-consecintelor-economice.png\" class=\"ff-og-image-inserted\"><\/div>\n<p data-start=\"127\" data-end=\"562\" id=\"p-0\">Primarul capitalei britanice, <span class=\"hover:entity-accent entity-underline inline cursor-pointer align-baseline\"><span class=\"whitespace-normal\">Sadiq Khan<\/span><\/span>, a lansat critici la adresa pre\u0219edintelui american <span class=\"hover:entity-accent entity-underline inline cursor-pointer align-baseline\"><span class=\"whitespace-normal\">Donald Trump<\/span><\/span> \u00een leg\u0103tur\u0103 cu atacurile aeriene asupra <span class=\"hover:entity-accent entity-underline inline cursor-pointer align-baseline\"><span class=\"whitespace-normal\">Iran, relateaz\u0103 <a href=\"https:\/\/www.standard.co.uk\/news\/world\/sadiq-khan-warns-trump-iran-strikes-fuel-chaos-middle-east-b1273892.html\">The Standard<\/a>.<\/span><\/span><\/p>\n<p data-start=\"127\" data-end=\"562\" id=\"p-1\">Edilul Londrei a declarat c\u0103 ofensiva militar\u0103 risc\u0103 s\u0103 provoace instabilitate major\u0103 \u00een <span class=\"hover:entity-accent entity-underline inline cursor-pointer align-baseline\"><span class=\"whitespace-normal\">Orientul Mijlociu<\/span><\/span> \u0219i a vorbit despre \u201ehaosul \u0219i carnagiul alimentate de r\u0103zboaiele ilegale\u201d.<\/p>\n<p data-start=\"564\" data-end=\"867\" id=\"p-2\">\u00cen declara\u021biile sale, Khan a sus\u021binut c\u0103 ac\u021biunea militar\u0103 decis\u0103 de Washington reprezint\u0103 un conflict \u00eenceput f\u0103r\u0103 strategie \u0219i f\u0103r\u0103 o planificare serioas\u0103 pentru perioada de dup\u0103 opera\u021biuni. El a acuzat administra\u021bia american\u0103 c\u0103 a declan\u0219at un conflict care produce deja victime \u0219i suferin\u021b\u0103.<\/p>\n<p data-start=\"869\" data-end=\"1097\" id=\"p-3\">Acesta a afirmat c\u0103 decizia pre\u0219edintelui american reprezint\u0103 un \u201er\u0103zboi nechibzuit\u201d, care produce \u201ev\u0103rsare de s\u00e2nge f\u0103r\u0103 sens\u201d \u0219i care a fost \u00eenceput f\u0103r\u0103 \u201eo g\u00e2ndire sau o strategie serioas\u0103 cu privire la ce urmeaz\u0103\u201d.<\/p>\n<p data-start=\"1099\" data-end=\"1474\" id=\"p-4\">\u00cen acela\u0219i timp, Khan a atras aten\u021bia asupra <strong>efectelor economice<\/strong> pe care un conflict de durat\u0103 le poate avea asupra popula\u021biei din <span class=\"hover:entity-accent entity-underline inline cursor-pointer align-baseline\"><span class=\"whitespace-normal\">Marea Britanie<\/span><\/span>.<\/p>\n<p data-start=\"1099\" data-end=\"1474\" id=\"p-5\">El a explicat c\u0103 tensiunile interna\u021bionale pot genera cre\u0219teri ale ratelor ipotecare, ale facturilor la energie \u0219i ale pre\u021burilor la combustibili, ceea ce ar agrava dificult\u0103\u021bile financiare ale popula\u021biei.<\/p>\n<p data-start=\"1476\" data-end=\"1820\" id=\"p-6\">Primarul a spus c\u0103 decizia premierului britanic <span class=\"hover:entity-accent entity-underline inline cursor-pointer align-baseline\"><span class=\"whitespace-normal\">Keir Starmer<\/span><\/span> de a nu permite folosirea bazelor britanice pentru atacuri ofensive asupra Iranului reprezint\u0103 o alegere corect\u0103.<\/p>\n<p data-start=\"1476\" data-end=\"1820\" id=\"p-7\">Potrivit pozi\u021biei oficiale a guvernului, aeronavele americane pot utiliza facilit\u0103\u021bile militare britanice doar pentru opera\u021biuni defensive.<\/p>\n<p data-start=\"1822\" data-end=\"2146\" id=\"p-8\">Astfel, avioanele Statelor Unite pot opera de la baza <span class=\"hover:entity-accent entity-underline inline cursor-pointer align-baseline\"><span class=\"whitespace-normal\">RAF Fairford<\/span><\/span> \u0219i de la baza militar\u0103 <span class=\"hover:entity-accent entity-underline inline cursor-pointer align-baseline\"><span class=\"whitespace-normal\">Diego Garcia<\/span><\/span> doar \u00een misiuni care au rolul de a neutraliza amenin\u021b\u0103ri directe, cum ar fi lansatoare de rachete care pot pune \u00een pericol cet\u0103\u021beni britanici sau alia\u021bi din zona Golfului.<\/p>\n<p data-start=\"2148\" data-end=\"2292\" id=\"p-9\">\u00centr-un mesaj publicat pe platforma <span class=\"hover:entity-accent entity-underline inline cursor-pointer align-baseline\"><span class=\"whitespace-normal\">X<\/span><\/span>, Sadiq Khan a scris c\u0103 \u201eacesta este un r\u0103zboi al alegerii.\u201d.<\/p>\n<p data-start=\"2331\" data-end=\"2519\" id=\"p-10\">\u201eUnul care nu numai c\u0103 provoac\u0103 crime \u0219i suferin\u021be inutile \u00een str\u0103in\u0103tate, dar ar putea duce la un \u0219oc economic uria\u0219 pe plan intern, agrav\u00e2nd masiv criza costului vie\u021bii pentru londonezi.\u201d, mai relateaz\u0103 el.<\/p>\n<p data-start=\"2521\" data-end=\"2725\" id=\"p-11\">\u201eGospod\u0103riile din ora\u0219ul nostru \u0219i din \u00eentreaga \u021bar\u0103 nu \u00ee\u0219i pot permite cre\u0219terea facturilor la energie, a pre\u021burilor la alimente \u0219i a creditelor ipotecare pe care le-ar putea duce acest r\u0103zboi nes\u0103buit.\u201d<\/p>\n<p data-start=\"2727\" data-end=\"2870\" id=\"p-12\">De\u0219i a criticat conducerea de la Teheran, primarul britanica a afirmat c\u0103 opera\u021biunea militar\u0103 a fost declan\u0219at\u0103 f\u0103r\u0103 sprijinul comunit\u0103\u021bii interna\u021bionale.<\/p>\n<p data-start=\"2872\" data-end=\"3047\" id=\"p-13\">\u201eAcest r\u0103zboi \u00eempotriva Iranului este purtat unilateral, f\u0103r\u0103 niciun consens interna\u021bional sau aprobarea ONU sau orice g\u00e2ndire sau strategie serioas\u0103 cu privire la ce urmeaz\u0103. \u0218tim din experien\u021b\u0103 c\u0103 este mult mai u\u0219or s\u0103 \u00eencepi un r\u0103zboi dec\u00e2t s\u0103 termini unul.\u201d \u0218ocul \u0219i uimirea sunt mult mai u\u0219oare dec\u00e2t sarcina dificil\u0103 de a vindeca na\u021biunile distruse. Acesta este par\u021bial motivul pentru care Marea Britanie nu ar trebui s\u0103 se implice \u00een acest conflict dincolo de ac\u021biuni defensive pentru a-\u0219i proteja cet\u0103\u021benii \u0219i alia\u021bii de amenin\u021b\u0103rile iminente. \u021aara noastr\u0103 este cel mai bine servit\u0103 de pace \u0219i stabilitate \u00een Orientul Mijlociu, nu de haos \u0219i carnagiu alimentate de r\u0103zboaie ilegale.\u201d, a scris el.<\/p>\n<h2 data-start=\"2872\" data-end=\"3047\" id=\"chapter-0\">Disputa dintre Khan \u0219i Trump<\/h2>\n<p data-start=\"4714\" data-end=\"4896\" id=\"p-14\">Rela\u021bia tensionat\u0103 dintre Sadiq Khan \u0219i Donald Trump are o istorie mai veche. Divergen\u021bele dintre cei doi lideri au devenit vizibile \u00eenc\u0103 din primul mandat al pre\u0219edintelui american.<\/p>\n<p data-start=\"4898\" data-end=\"5270\" id=\"p-15\">\u00cen timpul vizitei de stat a lui Trump \u00een <span class=\"hover:entity-accent entity-underline inline cursor-pointer align-baseline\"><span class=\"whitespace-normal\">Regatul Unit<\/span><\/span> din 2019, liderul american l-a numit pe primarul Londrei \u201eratat r\u0103zbun\u0103tor\u201d \u0219i a criticat modul \u00een care administra\u021bia local\u0103 gestioneaz\u0103 problema criminalit\u0103\u021bii. Sadiq Khan a reac\u021bionat atunci prin acuza\u021bii la adresa pre\u0219edintelui american, despre care a spus c\u0103 promoveaz\u0103 \u201epoliticii diviziunii\u201d.<\/p>\n<p data-start=\"5272\" data-end=\"5429\" id=\"p-16\">Disputele dintre cei doi au continuat de-a lungul anilor, \u00een special pe teme legate de imigra\u021bie, securitate \u0219i ascensiunea curentelor populiste \u00een politic\u0103.<\/p>\n<p data-start=\"5272\" data-end=\"5429\" id=\"p-17\">Cele mai recente declara\u021bii vin la scurt timp dup\u0103 ce Donald Trump l-a criticat din nou pe premierul britanic Keir Starmer pentru refuzul Londrei de a sprijini pe deplin primele atacuri americane asupra Iranului.<\/p>\n","protected":false},"excerpt":{"rendered":"<p>Primarul capitalei britanice, Sadiq Khan, a lansat critici la adresa pre\u0219edintelui american Donald Trump \u00een leg\u0103tur\u0103 cu atacurile aeriene asupra Iran, relateaz\u0103 The Standard. Edilul Londrei a declarat c\u0103 ofensiva &hellip; <a href=\"https:\/\/microscopemedia.com\/?p=680573\" class=\"more-link\">Read More<\/a><\/p>\n","protected":false},"author":1,"featured_media":680574,"comment_status":"closed","ping_status":"closed","sticky":false,"template":"Default","format":"standard","meta":[],"categories":[1],"tags":[],"_links":{"self":[{"href":"https:\/\/microscopemedia.com\/index.php?rest_route=\/wp\/v2\/posts\/680573"}],"collection":[{"href":"https:\/\/microscopemedia.com\/index.php?rest_route=\/wp\/v2\/posts"}],"about":[{"href":"https:\/\/microscopemedia.com\/index.php?rest_route=\/wp\/v2\/types\/post"}],"author":[{"embeddable":true,"href":"https:\/\/microscopemedia.com\/index.php?rest_route=\/wp\/v2\/users\/1"}],"replies":[{"embeddable":true,"href":"https:\/\/microscopemedia.com\/index.php?rest_route=%2Fwp%2Fv2%2Fcomments&post=680573"}],"version-history":[{"count":0,"href":"https:\/\/microscopemedia.com\/index.php?rest_route=\/wp\/v2\/posts\/680573\/revisions"}],"wp:featuredmedia":[{"embeddable":true,"href":"https:\/\/microscopemedia.com\/index.php?rest_route=\/wp\/v2\/media\/680574"}],"wp:attachment":[{"href":"https:\/\/microscopemedia.com\/index.php?rest_route=%2Fwp%2Fv2%2Fmedia&parent=680573"}],"wp:term":[{"taxonomy":"category","embeddable":true,"href":"https:\/\/microscopemedia.com\/index.php?rest_route=%2Fwp%2Fv2%2Fcategories&post=680573"},{"taxonomy":"post_tag","embeddable":true,"href":"https:\/\/microscopemedia.com\/index.php?rest_route=%2Fwp%2Fv2%2Ftags&post=680573"}],"curies":[{"name":"wp","href":"https:\/\/api.w.org\/{rel}","templated":true}]}}