{"id":680577,"date":"2026-03-07T15:46:04","date_gmt":"2026-03-07T15:46:04","guid":{"rendered":"https:\/\/microscopemedia.com\/?p=680577"},"modified":"2026-03-07T15:46:04","modified_gmt":"2026-03-07T15:46:04","slug":"trump-anunta-o-coalitie-militara-impotriva-cartelurilor-17-state-au-intrat-in-alianta","status":"publish","type":"post","link":"https:\/\/microscopemedia.com\/?p=680577","title":{"rendered":"Trump anun\u021b\u0103 o coali\u021bie militar\u0103 \u00eempotriva cartelurilor. 17 state au intrat \u00een alian\u021b\u0103"},"content":{"rendered":"<div><img decoding=\"async\" src=\"https:\/\/microscopemedia.com\/wp-content\/uploads\/2026\/03\/trump-anunta-o-coalitie-militara-impotriva-cartelurilor-17-state-au-intrat-in-alianta.jpg\" class=\"ff-og-image-inserted\"><\/div>\n<p data-start=\"256\" data-end=\"647\" id=\"p-0\">Potrivit declara\u021biilor, nu mai pu\u021bin de 17 state s-au al\u0103turat deja alian\u021bei interna\u021bionale, care ar urma s\u0103 coordoneze opera\u021biuni comune pentru \u201eeradicarea cartelurilor\u201d, scrie <a href=\"https:\/\/www.reuters.com\/world\/trump-announces-new-military-coalition-eradicate-cartels-western-hemisphere-2026-03-07\/\" target=\"_blank\" rel=\"noopener\">Reuters<\/a>.<\/p>\n<p data-start=\"649\" data-end=\"1081\" id=\"p-1\">Anun\u021bul a fost f\u0103cut \u00een contextul intensific\u0103rii presiunilor asupra grup\u0103rilor implicate \u00een trafic de droguri, arme \u0219i persoane, activit\u0103\u021bi care afecteaz\u0103 securitatea mai multor \u021b\u0103ri din America de Nord, America Central\u0103 \u0219i America de Sud.<\/p>\n<p data-start=\"649\" data-end=\"1081\" id=\"p-2\">Liderul american a subliniat c\u0103 aceast\u0103 coali\u021bie militar\u0103 \u00eempotriva cartelurilor reprezint\u0103 un pas decisiv pentru stabilitatea regional\u0103 \u0219i pentru reducerea influen\u021bei re\u021belelor criminale.<\/p>\n","protected":false},"excerpt":{"rendered":"<p>Potrivit declara\u021biilor, nu mai pu\u021bin de 17 state s-au al\u0103turat deja alian\u021bei interna\u021bionale, care ar urma s\u0103 coordoneze opera\u021biuni comune pentru \u201eeradicarea cartelurilor\u201d, scrie Reuters. Anun\u021bul a fost f\u0103cut \u00een &hellip; <a href=\"https:\/\/microscopemedia.com\/?p=680577\" class=\"more-link\">Read More<\/a><\/p>\n","protected":false},"author":1,"featured_media":680578,"comment_status":"closed","ping_status":"closed","sticky":false,"template":"Default","format":"standard","meta":[],"categories":[1],"tags":[],"_links":{"self":[{"href":"https:\/\/microscopemedia.com\/index.php?rest_route=\/wp\/v2\/posts\/680577"}],"collection":[{"href":"https:\/\/microscopemedia.com\/index.php?rest_route=\/wp\/v2\/posts"}],"about":[{"href":"https:\/\/microscopemedia.com\/index.php?rest_route=\/wp\/v2\/types\/post"}],"author":[{"embeddable":true,"href":"https:\/\/microscopemedia.com\/index.php?rest_route=\/wp\/v2\/users\/1"}],"replies":[{"embeddable":true,"href":"https:\/\/microscopemedia.com\/index.php?rest_route=%2Fwp%2Fv2%2Fcomments&post=680577"}],"version-history":[{"count":0,"href":"https:\/\/microscopemedia.com\/index.php?rest_route=\/wp\/v2\/posts\/680577\/revisions"}],"wp:featuredmedia":[{"embeddable":true,"href":"https:\/\/microscopemedia.com\/index.php?rest_route=\/wp\/v2\/media\/680578"}],"wp:attachment":[{"href":"https:\/\/microscopemedia.com\/index.php?rest_route=%2Fwp%2Fv2%2Fmedia&parent=680577"}],"wp:term":[{"taxonomy":"category","embeddable":true,"href":"https:\/\/microscopemedia.com\/index.php?rest_route=%2Fwp%2Fv2%2Fcategories&post=680577"},{"taxonomy":"post_tag","embeddable":true,"href":"https:\/\/microscopemedia.com\/index.php?rest_route=%2Fwp%2Fv2%2Ftags&post=680577"}],"curies":[{"name":"wp","href":"https:\/\/api.w.org\/{rel}","templated":true}]}}