{"id":680583,"date":"2026-03-07T16:36:05","date_gmt":"2026-03-07T16:36:05","guid":{"rendered":"https:\/\/microscopemedia.com\/?p=680583"},"modified":"2026-03-07T16:36:05","modified_gmt":"2026-03-07T16:36:05","slug":"donald-trump-anunta-tactica-sua-in-negocierile-de-pace-pe-ucraina-fie-unul-fie-celalalt-va-da-inapoi-ce-transmite-europei","status":"publish","type":"post","link":"https:\/\/microscopemedia.com\/?p=680583","title":{"rendered":"Donald Trump anun\u021b\u0103 tactica SUA \u00een negocierile de pace pe Ucraina: \u201eFie unul, fie cel\u0103lalt va da \u00eenapoi\u201d. Ce transmite Europei"},"content":{"rendered":"<div><img decoding=\"async\" src=\"https:\/\/microscopemedia.com\/wp-content\/uploads\/2026\/03\/donald-trump-anunta-tactica-sua-in-negocierile-de-pace-pe-ucraina-fie-unul-fie-celalalt-va-da-inapoi-ce-transmite-europei.jpg\" class=\"ff-og-image-inserted\"><\/div>\n<p id=\"p-0\">\u201eUra dintre Putin \u0219i tab\u0103ra cealalt\u0103 este at\u00e2t de mare, ok? Este at\u00e2t de mare\u2026\u0218ti\u021bi, Ucraina, Rusia, ai crede c\u0103 ar trebui s\u0103 existe pu\u021bin\u0103 camaraderie, dar nu este.<\/p>\n<p id=\"p-1\">\u0218i ura este at\u00e2t de mare \u00eenc\u00e2t este foarte greu pentru ei s\u0103 ajung\u0103 acolo (n.r. la pace). Este foarte, foarte, greu s\u0103 ajung\u0103 acolo.<\/p>\n<p id=\"p-2\">Deci vom vedea ce se \u00eent\u00e2mpl\u0103. <strong>Dar am fost aproape de multe ori. Fie unul, fie cel\u0103lalt va da \u00eenapoi. Dar pierdem, ei pierd\u2026 \u0218ti\u021bi, nici nu ne afecteaz\u0103 pe noi foarte mult, pentru c\u0103 ne desparte un ocean. Fac asta (n.r. negocierile) ca un favor pentru Europa \u0219i fac asta ca un favor adus vie\u021bii<\/strong>\u201e.<\/p>\n<p id=\"p-3\">Ultimele runde de <span><strong><a href=\"https:\/\/www.theguardian.com\/world\/2026\/mar\/06\/ukraine-war-briefing-trump-urges-zelenskyy-to-get-a-deal-done-with-russia\">negocieri tripartite \u00eentre SUA \u2013 Rusia \u2013 Ucraina<\/a><\/strong><\/span>, cu participarea lui Jared Kushner \u0219i Steve Witkoff, nu au dus la niciun progres semnificativ \u00een procesul de pace.<\/p>\n<p id=\"p-4\"><span class=\"T286Pc\" data-sfc-cp data-sfc-cb data-complete=\"true\">O nou\u0103 \u00eent\u00e2lnire trilateral\u0103 pe tema procesului de pace din Ucraina era planificat\u0103 pentru perioada 5-9 martie 2026. Totu\u0219i, pre\u0219edintele Volodimir Zelenski a anun\u021bat c\u0103 Ucraina a solicitat am\u00e2narea acesteia din cauza escalad\u0103rii conflictului din&nbsp;Orientul Mijlociu, care a captat aten\u021bia mediatorilor americani.<\/span><\/p>\n<p id=\"p-5\"><span class=\"T286Pc\" data-sfc-cp data-sfc-cb data-complete=\"true\">Cea de-a treia rund\u0103 oficial\u0103 a avut loc la Geneva pe 17-18 februarie 2026. Discu\u021biile, care au durat peste opt ore, s-au \u00eencheiat f\u0103r\u0103 un progres semnificativ privind \u00eencetarea focului sau ced\u0103rile teritoriale, Moscova \u0219i Kievul r\u0103m\u00e2n\u00e2nd pe pozi\u021bii divergente.<\/span><\/p>\n<p id=\"p-6\"><span class=\"T286Pc\" data-sfc-cp data-sfc-cb data-complete=\"true\">De\u0219i negocierile politice sunt blocate, cadrul trilateral a facilitat cel mai mare schimb de prizonieri de p\u00e2n\u0103 acum. Pe 5 \u0219i 6 martie 2026, Ucraina \u0219i Rusia au schimbat c\u00e2te&nbsp;500 de prizonieri&nbsp;(\u00een total 1.000 de persoane \u00een dou\u0103 zile), ca rezultat direct al acordurilor stabilite anterior la Geneva.<\/span><\/p>\n<p id=\"p-7\"><span class=\"T286Pc\" data-sfc-cp data-sfc-cb data-complete=\"true\">Primele dou\u0103 runde de discu\u021bii sub medierea SUA (reprezentat\u0103 de emisari precum Steve Witkoff) au avut loc \u00een Abu Dhabi&nbsp;\u00een ianuarie \u0219i \u00eenceputul lunii februarie 2026. Acolo s-a discutat un plan de pace \u00een 20 de puncte care includea aspecte teritoriale \u0219i economice.<\/span><\/p>\n<p id=\"p-8\"><span class=\"T286Pc\" data-sfc-cp data-sfc-cb data-complete=\"true\">\u00cen martie 2026, cancelarul german Friedrich Merz l-a \u00eendemnat pe Donald Trump s\u0103 includ\u0103 \u0219i Europa&nbsp;\u00een aceste negocieri, avertiz\u00e2nd c\u0103 statele europene nu vor accepta un acord impus care s\u0103 nu respecte securitatea continentului.<\/span><span class=\"uJ19be notranslate\" data-wiz-uids=\"hx4By_28,hx4By_29\" data-sfc-cb data-complete=\"true\"><span class=\"vKEkVd\" data-animation-atomic data-wiz-attrbind=\"class=hx4By_27\/TKHnVd\" data-sae><span aria-hidden=\"true\" aria-owns=\"action-menu-parent-container\">&nbsp;<\/span><\/span><\/span><\/p>\n","protected":false},"excerpt":{"rendered":"<p>\u201eUra dintre Putin \u0219i tab\u0103ra cealalt\u0103 este at\u00e2t de mare, ok? Este at\u00e2t de mare\u2026\u0218ti\u021bi, Ucraina, Rusia, ai crede c\u0103 ar trebui s\u0103 existe pu\u021bin\u0103 camaraderie, dar nu este. \u0218i &hellip; <a href=\"https:\/\/microscopemedia.com\/?p=680583\" class=\"more-link\">Read More<\/a><\/p>\n","protected":false},"author":1,"featured_media":680584,"comment_status":"closed","ping_status":"closed","sticky":false,"template":"Default","format":"standard","meta":[],"categories":[1],"tags":[],"_links":{"self":[{"href":"https:\/\/microscopemedia.com\/index.php?rest_route=\/wp\/v2\/posts\/680583"}],"collection":[{"href":"https:\/\/microscopemedia.com\/index.php?rest_route=\/wp\/v2\/posts"}],"about":[{"href":"https:\/\/microscopemedia.com\/index.php?rest_route=\/wp\/v2\/types\/post"}],"author":[{"embeddable":true,"href":"https:\/\/microscopemedia.com\/index.php?rest_route=\/wp\/v2\/users\/1"}],"replies":[{"embeddable":true,"href":"https:\/\/microscopemedia.com\/index.php?rest_route=%2Fwp%2Fv2%2Fcomments&post=680583"}],"version-history":[{"count":0,"href":"https:\/\/microscopemedia.com\/index.php?rest_route=\/wp\/v2\/posts\/680583\/revisions"}],"wp:featuredmedia":[{"embeddable":true,"href":"https:\/\/microscopemedia.com\/index.php?rest_route=\/wp\/v2\/media\/680584"}],"wp:attachment":[{"href":"https:\/\/microscopemedia.com\/index.php?rest_route=%2Fwp%2Fv2%2Fmedia&parent=680583"}],"wp:term":[{"taxonomy":"category","embeddable":true,"href":"https:\/\/microscopemedia.com\/index.php?rest_route=%2Fwp%2Fv2%2Fcategories&post=680583"},{"taxonomy":"post_tag","embeddable":true,"href":"https:\/\/microscopemedia.com\/index.php?rest_route=%2Fwp%2Fv2%2Ftags&post=680583"}],"curies":[{"name":"wp","href":"https:\/\/api.w.org\/{rel}","templated":true}]}}